{"id":2645,"date":"2019-05-26T23:35:59","date_gmt":"2019-05-26T21:35:59","guid":{"rendered":"http:\/\/szentistvan.dnyem.hu\/?p=2645"},"modified":"2019-05-26T23:35:59","modified_gmt":"2019-05-26T21:35:59","slug":"egyhazzenei-koncert","status":"publish","type":"post","link":"https:\/\/szentistvan.dnyem.hu\/?p=2645","title":{"rendered":"Egyh\u00e1zzenei koncert"},"content":{"rendered":"\n<p><strong>J\u00fanius 8-\u00e1n, P\u00fcnk\u00f6sd vig\u00edli\u00e1j\u00e1n a <\/strong><a href=\"http:\/\/egyhazzeneifesztival.hu\/programok\/koncertek\/\"><strong>Con Spirito Egyh\u00e1zzenei Fesztiv\u00e1l<\/strong><\/a><strong> keret\u00e9ben a vil\u00e1gh\u00edr\u0171 <\/strong><a href=\"http:\/\/www.cantemus.hu\/cantemus\/\"><strong>Ny\u00edregyh\u00e1zi Cantemus K\u00f3rus<\/strong><\/a><strong> ad koncertet a Szent Anna Sz\u00e9kesegyh\u00e1zban.<\/strong><\/p>\n\n\n\n<p> <strong>A katolikus k\u00f6z\u00f6ss\u00e9gek sz\u00e1m\u00e1ra 1.000 Ft-\u00e9rt szakmai jegyek v\u00e1lthat\u00f3k a  debreceni K\u00f6lcsey K\u00f6zpont jegyp\u00e9nzt\u00e1r\u00e1ban (Hunyadi utca 1-3.,  52\/518-400) valamint a hangverseny el\u0151tt a helysz\u00ednen.<\/strong> <\/p>\n\n\n\n<p><strong>A v\u00e1s\u00e1rl\u00e1skor  k\u00e9rj\u00fck hivatkozzanak az al\u00e1bbi jelsz\u00f3ra: \u201eSzent Anna-sz\u00e9kesegyh\u00e1z\u201d. <\/strong><\/p>\n","protected":false},"excerpt":{"rendered":"<p>J\u00fanius 8-\u00e1n, P\u00fcnk\u00f6sd vig\u00edli\u00e1j\u00e1n a Con Spirito Egyh\u00e1zzenei Fesztiv\u00e1l keret\u00e9ben a vil\u00e1gh\u00edr\u0171 Ny\u00edregyh\u00e1zi Cantemus K\u00f3rus ad koncertet a Szent Anna Sz\u00e9kesegyh\u00e1zban. A katolikus k\u00f6z\u00f6ss\u00e9gek sz\u00e1m\u00e1ra&#8230;<\/p>\n","protected":false},"author":2,"featured_media":0,"comment_status":"closed","ping_status":"open","sticky":false,"template":"","format":"standard","meta":[],"categories":[1,9,2],"tags":[],"_links":{"self":[{"href":"https:\/\/szentistvan.dnyem.hu\/index.php?rest_route=\/wp\/v2\/posts\/2645"}],"collection":[{"href":"https:\/\/szentistvan.dnyem.hu\/index.php?rest_route=\/wp\/v2\/posts"}],"about":[{"href":"https:\/\/szentistvan.dnyem.hu\/index.php?rest_route=\/wp\/v2\/types\/post"}],"author":[{"embeddable":true,"href":"https:\/\/szentistvan.dnyem.hu\/index.php?rest_route=\/wp\/v2\/users\/2"}],"replies":[{"embeddable":true,"href":"https:\/\/szentistvan.dnyem.hu\/index.php?rest_route=%2Fwp%2Fv2%2Fcomments&post=2645"}],"version-history":[{"count":1,"href":"https:\/\/szentistvan.dnyem.hu\/index.php?rest_route=\/wp\/v2\/posts\/2645\/revisions"}],"predecessor-version":[{"id":2646,"href":"https:\/\/szentistvan.dnyem.hu\/index.php?rest_route=\/wp\/v2\/posts\/2645\/revisions\/2646"}],"wp:attachment":[{"href":"https:\/\/szentistvan.dnyem.hu\/index.php?rest_route=%2Fwp%2Fv2%2Fmedia&parent=2645"}],"wp:term":[{"taxonomy":"category","embeddable":true,"href":"https:\/\/szentistvan.dnyem.hu\/index.php?rest_route=%2Fwp%2Fv2%2Fcategories&post=2645"},{"taxonomy":"post_tag","embeddable":true,"href":"https:\/\/szentistvan.dnyem.hu\/index.php?rest_route=%2Fwp%2Fv2%2Ftags&post=2645"}],"curies":[{"name":"wp","href":"https:\/\/api.w.org\/{rel}","templated":true}]}}