{"id":2639,"date":"2019-05-19T17:04:06","date_gmt":"2019-05-19T15:04:06","guid":{"rendered":"http:\/\/szentistvan.dnyem.hu\/?p=2639"},"modified":"2019-05-19T17:04:06","modified_gmt":"2019-05-19T15:04:06","slug":"dokumentumfilm-ferenc-paparol","status":"publish","type":"post","link":"https:\/\/szentistvan.dnyem.hu\/?p=2639","title":{"rendered":"Dokumentumfilm Ferenc p\u00e1p\u00e1r\u00f3l"},"content":{"rendered":"\n<p>Szeretettel aj\u00e1nlom a Kedves Testv\u00e9rek figyelm\u00e9be, hogy <strong>a debreceni <\/strong><a href=\"https:\/\/apollomozi.hu\/\"><strong>Apoll\u00f3 moziban<\/strong><\/a><strong>, m\u00e1jus 24-t\u0151l m\u00e1jus 29-ig minden nap d\u00e9lut\u00e1n 15:30-t\u00f3l levet\u00edtik <a href=\"https:\/\/www.magyarkurir.hu\/hirek\/az-evangeliumi-normalitas-kovete-itthon-is-bemutattak-wim-wenders-ferenc-paparol-szolo-filmjet\">Wim Wenders \u201eFerenc p\u00e1pa, egy hiteles ember<\/a> c\u00edm\u0171 dokumentumfilmj\u00e9t. <\/strong><\/p>\n\n\n\n<p>A film k\u00fcl\u00f6nlegess\u00e9ge, hogy a Szentatya nemcsak az \u00e9let\u00e9r\u0151l besz\u00e9l, hanem sz\u00e1mos olyan probl\u00e9m\u00e1t \u00e9rint, ami mindannyiunk \u00e9let\u00e9ben jelen lehet.<\/p>\n","protected":false},"excerpt":{"rendered":"<p>Szeretettel aj\u00e1nlom a Kedves Testv\u00e9rek figyelm\u00e9be, hogy a debreceni Apoll\u00f3 moziban, m\u00e1jus 24-t\u0151l m\u00e1jus 29-ig minden nap d\u00e9lut\u00e1n 15:30-t\u00f3l levet\u00edtik Wim Wenders \u201eFerenc p\u00e1pa, egy&#8230;<\/p>\n","protected":false},"author":2,"featured_media":0,"comment_status":"closed","ping_status":"open","sticky":false,"template":"","format":"standard","meta":[],"categories":[1,2],"tags":[],"_links":{"self":[{"href":"https:\/\/szentistvan.dnyem.hu\/index.php?rest_route=\/wp\/v2\/posts\/2639"}],"collection":[{"href":"https:\/\/szentistvan.dnyem.hu\/index.php?rest_route=\/wp\/v2\/posts"}],"about":[{"href":"https:\/\/szentistvan.dnyem.hu\/index.php?rest_route=\/wp\/v2\/types\/post"}],"author":[{"embeddable":true,"href":"https:\/\/szentistvan.dnyem.hu\/index.php?rest_route=\/wp\/v2\/users\/2"}],"replies":[{"embeddable":true,"href":"https:\/\/szentistvan.dnyem.hu\/index.php?rest_route=%2Fwp%2Fv2%2Fcomments&post=2639"}],"version-history":[{"count":1,"href":"https:\/\/szentistvan.dnyem.hu\/index.php?rest_route=\/wp\/v2\/posts\/2639\/revisions"}],"predecessor-version":[{"id":2640,"href":"https:\/\/szentistvan.dnyem.hu\/index.php?rest_route=\/wp\/v2\/posts\/2639\/revisions\/2640"}],"wp:attachment":[{"href":"https:\/\/szentistvan.dnyem.hu\/index.php?rest_route=%2Fwp%2Fv2%2Fmedia&parent=2639"}],"wp:term":[{"taxonomy":"category","embeddable":true,"href":"https:\/\/szentistvan.dnyem.hu\/index.php?rest_route=%2Fwp%2Fv2%2Fcategories&post=2639"},{"taxonomy":"post_tag","embeddable":true,"href":"https:\/\/szentistvan.dnyem.hu\/index.php?rest_route=%2Fwp%2Fv2%2Ftags&post=2639"}],"curies":[{"name":"wp","href":"https:\/\/api.w.org\/{rel}","templated":true}]}}