{"id":2637,"date":"2019-05-19T16:51:40","date_gmt":"2019-05-19T14:51:40","guid":{"rendered":"http:\/\/szentistvan.dnyem.hu\/?p=2637"},"modified":"2019-05-19T16:51:40","modified_gmt":"2019-05-19T14:51:40","slug":"gyermeknap-2","status":"publish","type":"post","link":"https:\/\/szentistvan.dnyem.hu\/?p=2637","title":{"rendered":"Gyermeknap"},"content":{"rendered":"\n<p><strong>M\u00e1jus 26-\u00e1n, vas\u00e1rnap<\/strong>, nemcsak Eur\u00f3pai Uni\u00f3s v\u00e1laszt\u00e1s lesz, hanem <strong>gyereknap<\/strong> is. <\/p>\n\n\n\n<p>Ez\u00e9rt<strong> erre a napra meghirdetj\u00fck, \u201eA hozd el a templomba a macidat programot!\u201d <\/strong><\/p>\n\n\n\n<p><strong>Arra szeretn\u00e9m buzd\u00edtani a gyerekeket, fiatalokat, hogy hozz\u00e1k el a sz\u00e1mukra kedvenc j\u00e1t\u00e9kukat, kedvenc \u201ekabal\u00e1jukat\u201d a templomba. A szentmise v\u00e9g\u00e9n pedig \u00e1ld\u00e1sban r\u00e9szes\u00edtj\u00fck \u0151ket.<\/strong><\/p>\n","protected":false},"excerpt":{"rendered":"<p>M\u00e1jus 26-\u00e1n, vas\u00e1rnap, nemcsak Eur\u00f3pai Uni\u00f3s v\u00e1laszt\u00e1s lesz, hanem gyereknap is. Ez\u00e9rt erre a napra meghirdetj\u00fck, \u201eA hozd el a templomba a macidat programot!\u201d Arra&#8230;<\/p>\n","protected":false},"author":2,"featured_media":0,"comment_status":"closed","ping_status":"open","sticky":false,"template":"","format":"standard","meta":[],"categories":[9,2],"tags":[],"_links":{"self":[{"href":"https:\/\/szentistvan.dnyem.hu\/index.php?rest_route=\/wp\/v2\/posts\/2637"}],"collection":[{"href":"https:\/\/szentistvan.dnyem.hu\/index.php?rest_route=\/wp\/v2\/posts"}],"about":[{"href":"https:\/\/szentistvan.dnyem.hu\/index.php?rest_route=\/wp\/v2\/types\/post"}],"author":[{"embeddable":true,"href":"https:\/\/szentistvan.dnyem.hu\/index.php?rest_route=\/wp\/v2\/users\/2"}],"replies":[{"embeddable":true,"href":"https:\/\/szentistvan.dnyem.hu\/index.php?rest_route=%2Fwp%2Fv2%2Fcomments&post=2637"}],"version-history":[{"count":1,"href":"https:\/\/szentistvan.dnyem.hu\/index.php?rest_route=\/wp\/v2\/posts\/2637\/revisions"}],"predecessor-version":[{"id":2638,"href":"https:\/\/szentistvan.dnyem.hu\/index.php?rest_route=\/wp\/v2\/posts\/2637\/revisions\/2638"}],"wp:attachment":[{"href":"https:\/\/szentistvan.dnyem.hu\/index.php?rest_route=%2Fwp%2Fv2%2Fmedia&parent=2637"}],"wp:term":[{"taxonomy":"category","embeddable":true,"href":"https:\/\/szentistvan.dnyem.hu\/index.php?rest_route=%2Fwp%2Fv2%2Fcategories&post=2637"},{"taxonomy":"post_tag","embeddable":true,"href":"https:\/\/szentistvan.dnyem.hu\/index.php?rest_route=%2Fwp%2Fv2%2Ftags&post=2637"}],"curies":[{"name":"wp","href":"https:\/\/api.w.org\/{rel}","templated":true}]}}