{"id":2622,"date":"2019-04-28T23:22:45","date_gmt":"2019-04-28T21:22:45","guid":{"rendered":"http:\/\/szentistvan.dnyem.hu\/?p=2622"},"modified":"2019-04-28T23:22:45","modified_gmt":"2019-04-28T21:22:45","slug":"isteni-irgalmassag-vasarnapja-2","status":"publish","type":"post","link":"https:\/\/szentistvan.dnyem.hu\/?p=2622","title":{"rendered":"Isteni Irgalmass\u00e1g Vas\u00e1rnapja"},"content":{"rendered":"\n<p>Id\u00e9n \u00e1prilis 28-\u00e1n van az<a href=\"https:\/\/777blog.hu\/2017\/04\/23\/minden-amit-az-isteni-irgalmassag-vasarnapjarol-tudnod-kell\/\"> Isteni Irgalmass\u00e1g Vas\u00e1rnapja.<\/a><\/p>\n\n\n\n<p>Adjunk h\u00e1l\u00e1t \u00e9s k\u00f6sz\u00f6nj\u00fck meg az Isten v\u00e9gtelen irgalm\u00e1t \u00e9s szeretet\u00e9t.<\/p>\n","protected":false},"excerpt":{"rendered":"<p>Id\u00e9n \u00e1prilis 28-\u00e1n van az Isteni Irgalmass\u00e1g Vas\u00e1rnapja. Adjunk h\u00e1l\u00e1t \u00e9s k\u00f6sz\u00f6nj\u00fck meg az Isten v\u00e9gtelen irgalm\u00e1t \u00e9s szeretet\u00e9t.<\/p>\n","protected":false},"author":2,"featured_media":0,"comment_status":"closed","ping_status":"open","sticky":false,"template":"","format":"standard","meta":[],"categories":[9,2],"tags":[],"_links":{"self":[{"href":"https:\/\/szentistvan.dnyem.hu\/index.php?rest_route=\/wp\/v2\/posts\/2622"}],"collection":[{"href":"https:\/\/szentistvan.dnyem.hu\/index.php?rest_route=\/wp\/v2\/posts"}],"about":[{"href":"https:\/\/szentistvan.dnyem.hu\/index.php?rest_route=\/wp\/v2\/types\/post"}],"author":[{"embeddable":true,"href":"https:\/\/szentistvan.dnyem.hu\/index.php?rest_route=\/wp\/v2\/users\/2"}],"replies":[{"embeddable":true,"href":"https:\/\/szentistvan.dnyem.hu\/index.php?rest_route=%2Fwp%2Fv2%2Fcomments&post=2622"}],"version-history":[{"count":1,"href":"https:\/\/szentistvan.dnyem.hu\/index.php?rest_route=\/wp\/v2\/posts\/2622\/revisions"}],"predecessor-version":[{"id":2623,"href":"https:\/\/szentistvan.dnyem.hu\/index.php?rest_route=\/wp\/v2\/posts\/2622\/revisions\/2623"}],"wp:attachment":[{"href":"https:\/\/szentistvan.dnyem.hu\/index.php?rest_route=%2Fwp%2Fv2%2Fmedia&parent=2622"}],"wp:term":[{"taxonomy":"category","embeddable":true,"href":"https:\/\/szentistvan.dnyem.hu\/index.php?rest_route=%2Fwp%2Fv2%2Fcategories&post=2622"},{"taxonomy":"post_tag","embeddable":true,"href":"https:\/\/szentistvan.dnyem.hu\/index.php?rest_route=%2Fwp%2Fv2%2Ftags&post=2622"}],"curies":[{"name":"wp","href":"https:\/\/api.w.org\/{rel}","templated":true}]}}