{"id":2601,"date":"2019-04-14T19:51:26","date_gmt":"2019-04-14T17:51:26","guid":{"rendered":"http:\/\/szentistvan.dnyem.hu\/?p=2601"},"modified":"2019-04-14T19:51:26","modified_gmt":"2019-04-14T17:51:26","slug":"templomkerti-fak","status":"publish","type":"post","link":"https:\/\/szentistvan.dnyem.hu\/?p=2601","title":{"rendered":"Templomkerti f\u00e1k"},"content":{"rendered":"\n<p>\u00c1prilis 15-t\u0151l (h\u00e9tf\u0151t\u0151l) 18-ig (cs\u00fct\u00f6rt\u00f6kig) a templomkertben tal\u00e1lhat\u00f3 f\u00e1k gallyaz\u00e1sa \u00e9s (sz\u00fcks\u00e9g eset\u00e9n) kiv\u00e1g\u00e1sa t\u00f6rt\u00e9nik. Minderre az\u00e9rt van sz\u00fcks\u00e9g, hogy az \u00e1gak let\u00f6r\u00e9s\u00e9b\u0151l sz\u00e1rmaz\u00f3 esetleges baleseteket megel\u0151zz\u00fck.<\/p>\n","protected":false},"excerpt":{"rendered":"<p>\u00c1prilis 15-t\u0151l (h\u00e9tf\u0151t\u0151l) 18-ig (cs\u00fct\u00f6rt\u00f6kig) a templomkertben tal\u00e1lhat\u00f3 f\u00e1k gallyaz\u00e1sa \u00e9s (sz\u00fcks\u00e9g eset\u00e9n) kiv\u00e1g\u00e1sa t\u00f6rt\u00e9nik. Minderre az\u00e9rt van sz\u00fcks\u00e9g, hogy az \u00e1gak let\u00f6r\u00e9s\u00e9b\u0151l sz\u00e1rmaz\u00f3 esetleges&#8230;<\/p>\n","protected":false},"author":2,"featured_media":0,"comment_status":"closed","ping_status":"open","sticky":false,"template":"","format":"standard","meta":[],"categories":[1,2],"tags":[],"_links":{"self":[{"href":"https:\/\/szentistvan.dnyem.hu\/index.php?rest_route=\/wp\/v2\/posts\/2601"}],"collection":[{"href":"https:\/\/szentistvan.dnyem.hu\/index.php?rest_route=\/wp\/v2\/posts"}],"about":[{"href":"https:\/\/szentistvan.dnyem.hu\/index.php?rest_route=\/wp\/v2\/types\/post"}],"author":[{"embeddable":true,"href":"https:\/\/szentistvan.dnyem.hu\/index.php?rest_route=\/wp\/v2\/users\/2"}],"replies":[{"embeddable":true,"href":"https:\/\/szentistvan.dnyem.hu\/index.php?rest_route=%2Fwp%2Fv2%2Fcomments&post=2601"}],"version-history":[{"count":1,"href":"https:\/\/szentistvan.dnyem.hu\/index.php?rest_route=\/wp\/v2\/posts\/2601\/revisions"}],"predecessor-version":[{"id":2602,"href":"https:\/\/szentistvan.dnyem.hu\/index.php?rest_route=\/wp\/v2\/posts\/2601\/revisions\/2602"}],"wp:attachment":[{"href":"https:\/\/szentistvan.dnyem.hu\/index.php?rest_route=%2Fwp%2Fv2%2Fmedia&parent=2601"}],"wp:term":[{"taxonomy":"category","embeddable":true,"href":"https:\/\/szentistvan.dnyem.hu\/index.php?rest_route=%2Fwp%2Fv2%2Fcategories&post=2601"},{"taxonomy":"post_tag","embeddable":true,"href":"https:\/\/szentistvan.dnyem.hu\/index.php?rest_route=%2Fwp%2Fv2%2Ftags&post=2601"}],"curies":[{"name":"wp","href":"https:\/\/api.w.org\/{rel}","templated":true}]}}