{"id":2599,"date":"2019-04-14T19:46:14","date_gmt":"2019-04-14T17:46:14","guid":{"rendered":"http:\/\/szentistvan.dnyem.hu\/?p=2599"},"modified":"2019-04-14T19:46:14","modified_gmt":"2019-04-14T17:46:14","slug":"nagybojti-elelmiszercsomagok","status":"publish","type":"post","link":"https:\/\/szentistvan.dnyem.hu\/?p=2599","title":{"rendered":"Nagyb\u00f6jti \u00e9lelmiszercsomagok"},"content":{"rendered":"\n<p>A kij\u00e1ratn\u00e1l vannak elk\u00e9sz\u00edtett nagyb\u00f6jti \u00e9lelmiszercsomagok. A t\u00f6bbi csomagot m\u00e1r csal\u00e1dok sz\u00e1m\u00e1ra kiosztottuk. Ha tudunk valakit a k\u00f6rnyezet\u00fcnkben, akinek ezzel is szebb\u00e9 tehetj\u00fck a h\u00fasv\u00e9ti k\u00e9sz\u00fclet\u00e9t, b\u00e1tran vigy\u00fck el, \u00e9s adjuk \u00e1t neki. Legy\u00fcnk a szeretet munkat\u00e1rsai!<\/p>\n","protected":false},"excerpt":{"rendered":"<p>A kij\u00e1ratn\u00e1l vannak elk\u00e9sz\u00edtett nagyb\u00f6jti \u00e9lelmiszercsomagok. A t\u00f6bbi csomagot m\u00e1r csal\u00e1dok sz\u00e1m\u00e1ra kiosztottuk. Ha tudunk valakit a k\u00f6rnyezet\u00fcnkben, akinek ezzel is szebb\u00e9 tehetj\u00fck a h\u00fasv\u00e9ti&#8230;<\/p>\n","protected":false},"author":2,"featured_media":0,"comment_status":"closed","ping_status":"open","sticky":false,"template":"","format":"standard","meta":[],"categories":[1,7],"tags":[],"_links":{"self":[{"href":"https:\/\/szentistvan.dnyem.hu\/index.php?rest_route=\/wp\/v2\/posts\/2599"}],"collection":[{"href":"https:\/\/szentistvan.dnyem.hu\/index.php?rest_route=\/wp\/v2\/posts"}],"about":[{"href":"https:\/\/szentistvan.dnyem.hu\/index.php?rest_route=\/wp\/v2\/types\/post"}],"author":[{"embeddable":true,"href":"https:\/\/szentistvan.dnyem.hu\/index.php?rest_route=\/wp\/v2\/users\/2"}],"replies":[{"embeddable":true,"href":"https:\/\/szentistvan.dnyem.hu\/index.php?rest_route=%2Fwp%2Fv2%2Fcomments&post=2599"}],"version-history":[{"count":1,"href":"https:\/\/szentistvan.dnyem.hu\/index.php?rest_route=\/wp\/v2\/posts\/2599\/revisions"}],"predecessor-version":[{"id":2600,"href":"https:\/\/szentistvan.dnyem.hu\/index.php?rest_route=\/wp\/v2\/posts\/2599\/revisions\/2600"}],"wp:attachment":[{"href":"https:\/\/szentistvan.dnyem.hu\/index.php?rest_route=%2Fwp%2Fv2%2Fmedia&parent=2599"}],"wp:term":[{"taxonomy":"category","embeddable":true,"href":"https:\/\/szentistvan.dnyem.hu\/index.php?rest_route=%2Fwp%2Fv2%2Fcategories&post=2599"},{"taxonomy":"post_tag","embeddable":true,"href":"https:\/\/szentistvan.dnyem.hu\/index.php?rest_route=%2Fwp%2Fv2%2Ftags&post=2599"}],"curies":[{"name":"wp","href":"https:\/\/api.w.org\/{rel}","templated":true}]}}