{"id":2595,"date":"2019-04-14T19:40:33","date_gmt":"2019-04-14T17:40:33","guid":{"rendered":"http:\/\/szentistvan.dnyem.hu\/?p=2595"},"modified":"2019-04-21T21:30:04","modified_gmt":"2019-04-21T19:30:04","slug":"egyhazkozsegi-csaladi-majalis","status":"publish","type":"post","link":"https:\/\/szentistvan.dnyem.hu\/?p=2595","title":{"rendered":"Egyh\u00e1zk\u00f6zs\u00e9gi csal\u00e1di nap"},"content":{"rendered":"\n<p>Id\u00e9n is megrendezz\u00fck az egyh\u00e1zk\u00f6zs\u00e9gi Csal\u00e1di Napot. <strong>Az id\u0151pont: m\u00e1jus 1-je (szerda).<\/strong> <\/p>\n\n\n\n<p>A hagyom\u00e1nyoknak megfelel\u0151en, <strong>szentmis\u00e9vel kezd\u0151dik a nap 9:30-kor, majd azt k\u00f6vet\u0151en k\u00fcl\u00f6nb\u00f6z\u0151 programok, lehet\u0151s\u00e9gek v\u00e1rnak benn\u00fcnket, gyerekeket \u00e9s feln\u0151tteket egyar\u00e1nt.<\/strong><\/p>\n\n\n\n<p>K\u00e9rem a kedves testv\u00e9reket, hogy a templom kij\u00e1rat\u00e1n\u00e1l iratkozzanak fel.<\/p>\n\n\n\n<p>A tal\u00e1lkoz\u00e1s rem\u00e9ny\u00e9ben h\u00edvunk \u00e9s v\u00e1runk mindenkit.<\/p>\n","protected":false},"excerpt":{"rendered":"<p>Id\u00e9n is megrendezz\u00fck az egyh\u00e1zk\u00f6zs\u00e9gi Csal\u00e1di Napot. Az id\u0151pont: m\u00e1jus 1-je (szerda). A hagyom\u00e1nyoknak megfelel\u0151en, szentmis\u00e9vel kezd\u0151dik a nap 9:30-kor, majd azt k\u00f6vet\u0151en k\u00fcl\u00f6nb\u00f6z\u0151 programok,&#8230;<\/p>\n","protected":false},"author":2,"featured_media":0,"comment_status":"closed","ping_status":"open","sticky":false,"template":"","format":"standard","meta":[],"categories":[2],"tags":[],"_links":{"self":[{"href":"https:\/\/szentistvan.dnyem.hu\/index.php?rest_route=\/wp\/v2\/posts\/2595"}],"collection":[{"href":"https:\/\/szentistvan.dnyem.hu\/index.php?rest_route=\/wp\/v2\/posts"}],"about":[{"href":"https:\/\/szentistvan.dnyem.hu\/index.php?rest_route=\/wp\/v2\/types\/post"}],"author":[{"embeddable":true,"href":"https:\/\/szentistvan.dnyem.hu\/index.php?rest_route=\/wp\/v2\/users\/2"}],"replies":[{"embeddable":true,"href":"https:\/\/szentistvan.dnyem.hu\/index.php?rest_route=%2Fwp%2Fv2%2Fcomments&post=2595"}],"version-history":[{"count":2,"href":"https:\/\/szentistvan.dnyem.hu\/index.php?rest_route=\/wp\/v2\/posts\/2595\/revisions"}],"predecessor-version":[{"id":2613,"href":"https:\/\/szentistvan.dnyem.hu\/index.php?rest_route=\/wp\/v2\/posts\/2595\/revisions\/2613"}],"wp:attachment":[{"href":"https:\/\/szentistvan.dnyem.hu\/index.php?rest_route=%2Fwp%2Fv2%2Fmedia&parent=2595"}],"wp:term":[{"taxonomy":"category","embeddable":true,"href":"https:\/\/szentistvan.dnyem.hu\/index.php?rest_route=%2Fwp%2Fv2%2Fcategories&post=2595"},{"taxonomy":"post_tag","embeddable":true,"href":"https:\/\/szentistvan.dnyem.hu\/index.php?rest_route=%2Fwp%2Fv2%2Ftags&post=2595"}],"curies":[{"name":"wp","href":"https:\/\/api.w.org\/{rel}","templated":true}]}}