{"id":2591,"date":"2019-04-14T19:33:15","date_gmt":"2019-04-14T17:33:15","guid":{"rendered":"http:\/\/szentistvan.dnyem.hu\/?p=2591"},"modified":"2019-04-14T19:33:15","modified_gmt":"2019-04-14T17:33:15","slug":"szentsir-viragjai","status":"publish","type":"post","link":"https:\/\/szentistvan.dnyem.hu\/?p=2591","title":{"rendered":"Szents\u00edr vir\u00e1gjai"},"content":{"rendered":"\n<p>A szents\u00edr vir\u00e1gjaira a kihelyezett perselyben adom\u00e1nyokat elfogadunk.<\/p>\n\n\n\n<p>H\u00e1l\u00e1san k\u00f6sz\u00f6nj\u00fck az eddig be\u00e9rkezett adom\u00e1nyokat is.<\/p>\n","protected":false},"excerpt":{"rendered":"<p>A szents\u00edr vir\u00e1gjaira a kihelyezett perselyben adom\u00e1nyokat elfogadunk. H\u00e1l\u00e1san k\u00f6sz\u00f6nj\u00fck az eddig be\u00e9rkezett adom\u00e1nyokat is.<\/p>\n","protected":false},"author":2,"featured_media":0,"comment_status":"closed","ping_status":"open","sticky":false,"template":"","format":"standard","meta":[],"categories":[1],"tags":[],"_links":{"self":[{"href":"https:\/\/szentistvan.dnyem.hu\/index.php?rest_route=\/wp\/v2\/posts\/2591"}],"collection":[{"href":"https:\/\/szentistvan.dnyem.hu\/index.php?rest_route=\/wp\/v2\/posts"}],"about":[{"href":"https:\/\/szentistvan.dnyem.hu\/index.php?rest_route=\/wp\/v2\/types\/post"}],"author":[{"embeddable":true,"href":"https:\/\/szentistvan.dnyem.hu\/index.php?rest_route=\/wp\/v2\/users\/2"}],"replies":[{"embeddable":true,"href":"https:\/\/szentistvan.dnyem.hu\/index.php?rest_route=%2Fwp%2Fv2%2Fcomments&post=2591"}],"version-history":[{"count":1,"href":"https:\/\/szentistvan.dnyem.hu\/index.php?rest_route=\/wp\/v2\/posts\/2591\/revisions"}],"predecessor-version":[{"id":2592,"href":"https:\/\/szentistvan.dnyem.hu\/index.php?rest_route=\/wp\/v2\/posts\/2591\/revisions\/2592"}],"wp:attachment":[{"href":"https:\/\/szentistvan.dnyem.hu\/index.php?rest_route=%2Fwp%2Fv2%2Fmedia&parent=2591"}],"wp:term":[{"taxonomy":"category","embeddable":true,"href":"https:\/\/szentistvan.dnyem.hu\/index.php?rest_route=%2Fwp%2Fv2%2Fcategories&post=2591"},{"taxonomy":"post_tag","embeddable":true,"href":"https:\/\/szentistvan.dnyem.hu\/index.php?rest_route=%2Fwp%2Fv2%2Ftags&post=2591"}],"curies":[{"name":"wp","href":"https:\/\/api.w.org\/{rel}","templated":true}]}}