{"id":2587,"date":"2019-04-14T18:53:09","date_gmt":"2019-04-14T16:53:09","guid":{"rendered":"http:\/\/szentistvan.dnyem.hu\/?p=2587"},"modified":"2019-04-21T20:15:13","modified_gmt":"2019-04-21T18:15:13","slug":"koszonet-10","status":"publish","type":"post","link":"https:\/\/szentistvan.dnyem.hu\/?p=2587","title":{"rendered":"K\u00f6sz\u00f6net"},"content":{"rendered":"\n<p>H\u00e1l\u00e1san k\u00f6sz\u00f6n\u00f6m mindazoknak a seg\u00edts\u00e9g\u00e9t, akik valamilyen form\u00e1ban, de szebb\u00e9 tett\u00e9k sz\u00e1munkra a h\u00fasv\u00e9t meg\u00fcnnepl\u00e9s\u00e9t.<\/p>\n\n\n\n<p>Isten b\u0151s\u00e9gesen jutalmazza meg \u0151ket!<\/p>\n\n\n\n<p>Nagyon k\u00f6sz\u00f6n\u00f6m az \u00e9nekkar csod\u00e1latos szolg\u00e1lat\u00e1t, amellyel m\u00e9g szebb\u00e9 tett\u00e9k sz\u00e1munkra a nagyb\u00f6jti id\u0151szakot, a Szent H\u00e1rom Napot \u00e9s a H\u00fasv\u00e9t \u00fcnnep\u00e9t is.<\/p>\n","protected":false},"excerpt":{"rendered":"<p>H\u00e1l\u00e1san k\u00f6sz\u00f6n\u00f6m mindazoknak a seg\u00edts\u00e9g\u00e9t, akik valamilyen form\u00e1ban, de szebb\u00e9 tett\u00e9k sz\u00e1munkra a h\u00fasv\u00e9t meg\u00fcnnepl\u00e9s\u00e9t. Isten b\u0151s\u00e9gesen jutalmazza meg \u0151ket! Nagyon k\u00f6sz\u00f6n\u00f6m az \u00e9nekkar csod\u00e1latos&#8230;<\/p>\n","protected":false},"author":2,"featured_media":0,"comment_status":"closed","ping_status":"open","sticky":false,"template":"","format":"standard","meta":[],"categories":[1,4],"tags":[],"_links":{"self":[{"href":"https:\/\/szentistvan.dnyem.hu\/index.php?rest_route=\/wp\/v2\/posts\/2587"}],"collection":[{"href":"https:\/\/szentistvan.dnyem.hu\/index.php?rest_route=\/wp\/v2\/posts"}],"about":[{"href":"https:\/\/szentistvan.dnyem.hu\/index.php?rest_route=\/wp\/v2\/types\/post"}],"author":[{"embeddable":true,"href":"https:\/\/szentistvan.dnyem.hu\/index.php?rest_route=\/wp\/v2\/users\/2"}],"replies":[{"embeddable":true,"href":"https:\/\/szentistvan.dnyem.hu\/index.php?rest_route=%2Fwp%2Fv2%2Fcomments&post=2587"}],"version-history":[{"count":2,"href":"https:\/\/szentistvan.dnyem.hu\/index.php?rest_route=\/wp\/v2\/posts\/2587\/revisions"}],"predecessor-version":[{"id":2608,"href":"https:\/\/szentistvan.dnyem.hu\/index.php?rest_route=\/wp\/v2\/posts\/2587\/revisions\/2608"}],"wp:attachment":[{"href":"https:\/\/szentistvan.dnyem.hu\/index.php?rest_route=%2Fwp%2Fv2%2Fmedia&parent=2587"}],"wp:term":[{"taxonomy":"category","embeddable":true,"href":"https:\/\/szentistvan.dnyem.hu\/index.php?rest_route=%2Fwp%2Fv2%2Fcategories&post=2587"},{"taxonomy":"post_tag","embeddable":true,"href":"https:\/\/szentistvan.dnyem.hu\/index.php?rest_route=%2Fwp%2Fv2%2Ftags&post=2587"}],"curies":[{"name":"wp","href":"https:\/\/api.w.org\/{rel}","templated":true}]}}