{"id":2578,"date":"2019-03-27T18:05:02","date_gmt":"2019-03-27T16:05:02","guid":{"rendered":"http:\/\/szentistvan.dnyem.hu\/?p=2578"},"modified":"2019-03-27T18:05:02","modified_gmt":"2019-03-27T16:05:02","slug":"szentsegimadas-zoltan-atya-gyogyulasaert","status":"publish","type":"post","link":"https:\/\/szentistvan.dnyem.hu\/?p=2578","title":{"rendered":"Szents\u00e9gim\u00e1d\u00e1s Zolt\u00e1n atya gy\u00f3gyul\u00e1s\u00e1\u00e9rt"},"content":{"rendered":"\n<p> <strong>Cs\u00fct\u00f6rt\u00f6k\u00f6nk\u00e9nt az igeliturgia ut\u00e1n<\/strong> szents\u00e9gim\u00e1d\u00e1s lesz, melyet  ebben a h\u00f3napban Zolt\u00e1n atya gy\u00f3gyul\u00e1s\u00e1\u00e9rt aj\u00e1nlunk fel.\u00a0 <\/p>\n","protected":false},"excerpt":{"rendered":"<p>Cs\u00fct\u00f6rt\u00f6k\u00f6nk\u00e9nt az igeliturgia ut\u00e1n szents\u00e9gim\u00e1d\u00e1s lesz, melyet ebben a h\u00f3napban Zolt\u00e1n atya gy\u00f3gyul\u00e1s\u00e1\u00e9rt aj\u00e1nlunk fel.\u00a0<\/p>\n","protected":false},"author":2,"featured_media":0,"comment_status":"closed","ping_status":"open","sticky":false,"template":"","format":"standard","meta":[],"categories":[9,2],"tags":[],"_links":{"self":[{"href":"https:\/\/szentistvan.dnyem.hu\/index.php?rest_route=\/wp\/v2\/posts\/2578"}],"collection":[{"href":"https:\/\/szentistvan.dnyem.hu\/index.php?rest_route=\/wp\/v2\/posts"}],"about":[{"href":"https:\/\/szentistvan.dnyem.hu\/index.php?rest_route=\/wp\/v2\/types\/post"}],"author":[{"embeddable":true,"href":"https:\/\/szentistvan.dnyem.hu\/index.php?rest_route=\/wp\/v2\/users\/2"}],"replies":[{"embeddable":true,"href":"https:\/\/szentistvan.dnyem.hu\/index.php?rest_route=%2Fwp%2Fv2%2Fcomments&post=2578"}],"version-history":[{"count":1,"href":"https:\/\/szentistvan.dnyem.hu\/index.php?rest_route=\/wp\/v2\/posts\/2578\/revisions"}],"predecessor-version":[{"id":2579,"href":"https:\/\/szentistvan.dnyem.hu\/index.php?rest_route=\/wp\/v2\/posts\/2578\/revisions\/2579"}],"wp:attachment":[{"href":"https:\/\/szentistvan.dnyem.hu\/index.php?rest_route=%2Fwp%2Fv2%2Fmedia&parent=2578"}],"wp:term":[{"taxonomy":"category","embeddable":true,"href":"https:\/\/szentistvan.dnyem.hu\/index.php?rest_route=%2Fwp%2Fv2%2Fcategories&post=2578"},{"taxonomy":"post_tag","embeddable":true,"href":"https:\/\/szentistvan.dnyem.hu\/index.php?rest_route=%2Fwp%2Fv2%2Ftags&post=2578"}],"curies":[{"name":"wp","href":"https:\/\/api.w.org\/{rel}","templated":true}]}}