{"id":2575,"date":"2019-03-27T17:55:58","date_gmt":"2019-03-27T15:55:58","guid":{"rendered":"http:\/\/szentistvan.dnyem.hu\/?p=2575"},"modified":"2019-05-12T12:17:55","modified_gmt":"2019-05-12T10:17:55","slug":"szemelyi-jovedelemado-11-a","status":"publish","type":"post","link":"https:\/\/szentistvan.dnyem.hu\/?p=2575","title":{"rendered":"Szem\u00e9lyi j\u00f6vedelemad\u00f3 1+1%-a"},"content":{"rendered":"\n<p>H\u00e1l\u00e1s k\u00f6sz\u00f6net illeti azokat a szem\u00e9lyij\u00f6vedelemad\u00f3-fizet\u0151 katolikusokat, akik tavaly ad\u00f3juk 1%-\u00e1nak felaj\u00e1nl\u00e1s\u00e1val t\u00e1mogatt\u00e1k a Magyar Katolikus Egyh\u00e1zat \u00e9s a Debreceni Szent Istv\u00e1n Egyh\u00e1zk\u00f6zs\u00e9g\u00e9rt Alap\u00edtv\u00e1nyt.<\/p>\n\n\n\n<p>K\u00e9rem a testv\u00e9reket, hogy ad\u00f3juk 1+1%-\u00e1val 2019-ben is t\u00e1mogass\u00e1k a Magyar Katolikus Egyh\u00e1zat \u00e9s a Debreceni Szent Istv\u00e1ny Egyh\u00e1zk\u00f6zs\u00e9g\u00e9rt Alap\u00edtv\u00e1nyt.<\/p>\n\n\n\n<p>Az 1+1%-r\u00f3l rendelkez\u0151 nyilatkozathoz sz\u00fcks\u00e9ges adatok:<\/p>\n\n\n\n<h2>Magyar Katolikus Egyh\u00e1z technikai sz\u00e1ma: <br>0011<\/h2>\n\n\n\n<h2>Debreceni Szent Istv\u00e1ny Egyh\u00e1zk\u00f6zs\u00e9g\u00e9rt Alap\u00edtv\u00e1ny ad\u00f3sz\u00e1ma: <br>18549971 &#8211; 1 &#8211; 09<\/h2>\n","protected":false},"excerpt":{"rendered":"<p>H\u00e1l\u00e1s k\u00f6sz\u00f6net illeti azokat a szem\u00e9lyij\u00f6vedelemad\u00f3-fizet\u0151 katolikusokat, akik tavaly ad\u00f3juk 1%-\u00e1nak felaj\u00e1nl\u00e1s\u00e1val t\u00e1mogatt\u00e1k a Magyar Katolikus Egyh\u00e1zat \u00e9s a Debreceni Szent Istv\u00e1n Egyh\u00e1zk\u00f6zs\u00e9g\u00e9rt Alap\u00edtv\u00e1nyt. K\u00e9rem&#8230;<\/p>\n","protected":false},"author":2,"featured_media":0,"comment_status":"closed","ping_status":"open","sticky":false,"template":"","format":"standard","meta":[],"categories":[1],"tags":[],"_links":{"self":[{"href":"https:\/\/szentistvan.dnyem.hu\/index.php?rest_route=\/wp\/v2\/posts\/2575"}],"collection":[{"href":"https:\/\/szentistvan.dnyem.hu\/index.php?rest_route=\/wp\/v2\/posts"}],"about":[{"href":"https:\/\/szentistvan.dnyem.hu\/index.php?rest_route=\/wp\/v2\/types\/post"}],"author":[{"embeddable":true,"href":"https:\/\/szentistvan.dnyem.hu\/index.php?rest_route=\/wp\/v2\/users\/2"}],"replies":[{"embeddable":true,"href":"https:\/\/szentistvan.dnyem.hu\/index.php?rest_route=%2Fwp%2Fv2%2Fcomments&post=2575"}],"version-history":[{"count":4,"href":"https:\/\/szentistvan.dnyem.hu\/index.php?rest_route=\/wp\/v2\/posts\/2575\/revisions"}],"predecessor-version":[{"id":2633,"href":"https:\/\/szentistvan.dnyem.hu\/index.php?rest_route=\/wp\/v2\/posts\/2575\/revisions\/2633"}],"wp:attachment":[{"href":"https:\/\/szentistvan.dnyem.hu\/index.php?rest_route=%2Fwp%2Fv2%2Fmedia&parent=2575"}],"wp:term":[{"taxonomy":"category","embeddable":true,"href":"https:\/\/szentistvan.dnyem.hu\/index.php?rest_route=%2Fwp%2Fv2%2Fcategories&post=2575"},{"taxonomy":"post_tag","embeddable":true,"href":"https:\/\/szentistvan.dnyem.hu\/index.php?rest_route=%2Fwp%2Fv2%2Ftags&post=2575"}],"curies":[{"name":"wp","href":"https:\/\/api.w.org\/{rel}","templated":true}]}}