{"id":2572,"date":"2019-03-27T17:54:12","date_gmt":"2019-03-27T15:54:12","guid":{"rendered":"http:\/\/szentistvan.dnyem.hu\/?p=2572"},"modified":"2019-03-27T17:54:22","modified_gmt":"2019-03-27T15:54:22","slug":"kepviselotestuleti-gyules-13","status":"publish","type":"post","link":"https:\/\/szentistvan.dnyem.hu\/?p=2572","title":{"rendered":"K\u00e9pvisel\u0151test\u00fcleti gy\u0171l\u00e9s"},"content":{"rendered":"\n<p><strong>Kedden, m\u00e1rcius 26-\u00e1n este f\u00e9l 7-kor az igeliturgia ut\u00e1n<\/strong> k\u00e9pvisel\u0151 test\u00fcleti gy\u0171l\u00e9s. Minden tagra sz\u00e1m\u00edtunk.<\/p>\n","protected":false},"excerpt":{"rendered":"<p>Kedden, m\u00e1rcius 26-\u00e1n este f\u00e9l 7-kor az igeliturgia ut\u00e1n k\u00e9pvisel\u0151 test\u00fcleti gy\u0171l\u00e9s. Minden tagra sz\u00e1m\u00edtunk.<\/p>\n","protected":false},"author":2,"featured_media":0,"comment_status":"closed","ping_status":"open","sticky":false,"template":"","format":"standard","meta":[],"categories":[2],"tags":[],"_links":{"self":[{"href":"https:\/\/szentistvan.dnyem.hu\/index.php?rest_route=\/wp\/v2\/posts\/2572"}],"collection":[{"href":"https:\/\/szentistvan.dnyem.hu\/index.php?rest_route=\/wp\/v2\/posts"}],"about":[{"href":"https:\/\/szentistvan.dnyem.hu\/index.php?rest_route=\/wp\/v2\/types\/post"}],"author":[{"embeddable":true,"href":"https:\/\/szentistvan.dnyem.hu\/index.php?rest_route=\/wp\/v2\/users\/2"}],"replies":[{"embeddable":true,"href":"https:\/\/szentistvan.dnyem.hu\/index.php?rest_route=%2Fwp%2Fv2%2Fcomments&post=2572"}],"version-history":[{"count":2,"href":"https:\/\/szentistvan.dnyem.hu\/index.php?rest_route=\/wp\/v2\/posts\/2572\/revisions"}],"predecessor-version":[{"id":2574,"href":"https:\/\/szentistvan.dnyem.hu\/index.php?rest_route=\/wp\/v2\/posts\/2572\/revisions\/2574"}],"wp:attachment":[{"href":"https:\/\/szentistvan.dnyem.hu\/index.php?rest_route=%2Fwp%2Fv2%2Fmedia&parent=2572"}],"wp:term":[{"taxonomy":"category","embeddable":true,"href":"https:\/\/szentistvan.dnyem.hu\/index.php?rest_route=%2Fwp%2Fv2%2Fcategories&post=2572"},{"taxonomy":"post_tag","embeddable":true,"href":"https:\/\/szentistvan.dnyem.hu\/index.php?rest_route=%2Fwp%2Fv2%2Ftags&post=2572"}],"curies":[{"name":"wp","href":"https:\/\/api.w.org\/{rel}","templated":true}]}}