{"id":2544,"date":"2019-03-19T17:06:30","date_gmt":"2019-03-19T15:06:30","guid":{"rendered":"http:\/\/szentistvan.dnyem.hu\/?p=2544"},"modified":"2019-03-19T17:06:33","modified_gmt":"2019-03-19T15:06:33","slug":"tartoselelmiszer-gyujtes","status":"publish","type":"post","link":"https:\/\/szentistvan.dnyem.hu\/?p=2544","title":{"rendered":"Tart\u00f3s\u00e9lelmiszer-gy\u0171jt\u00e9s"},"content":{"rendered":"\n<p>M\u00e1rcius 24. \u00e9s 31. k\u00f6z\u00f6tt (vas\u00e1rnapt\u00f3l vas\u00e1rnapig) nagyb\u00f6jti <a href=\"https:\/\/www.magyarkurir.hu\/hirek\/vasarnap-kezdodik-nagybojti-tartoselelmiszer-gyujtes-templomokban\">tart\u00f3s\u00e9lelmiszer-gy\u0171jt\u00e9s<\/a> lesz.<\/p>\n\n\n\n<p>K\u00e9rj\u00fck, hogy az erre a c\u00e9lra sz\u00e1nt tart\u00f3s \u00e9lelmiszereket a templomban a szokott helyre hozz\u00e1k.<\/p>\n\n\n\n<p>Isten \u00e1ldjon meg minden adakoz\u00f3t.<\/p>\n","protected":false},"excerpt":{"rendered":"<p>M\u00e1rcius 24. \u00e9s 31. k\u00f6z\u00f6tt (vas\u00e1rnapt\u00f3l vas\u00e1rnapig) nagyb\u00f6jti tart\u00f3s\u00e9lelmiszer-gy\u0171jt\u00e9s lesz. K\u00e9rj\u00fck, hogy az erre a c\u00e9lra sz\u00e1nt tart\u00f3s \u00e9lelmiszereket a templomban a szokott helyre hozz\u00e1k&#8230;.<\/p>\n","protected":false},"author":2,"featured_media":0,"comment_status":"closed","ping_status":"open","sticky":false,"template":"","format":"standard","meta":[],"categories":[7],"tags":[],"_links":{"self":[{"href":"https:\/\/szentistvan.dnyem.hu\/index.php?rest_route=\/wp\/v2\/posts\/2544"}],"collection":[{"href":"https:\/\/szentistvan.dnyem.hu\/index.php?rest_route=\/wp\/v2\/posts"}],"about":[{"href":"https:\/\/szentistvan.dnyem.hu\/index.php?rest_route=\/wp\/v2\/types\/post"}],"author":[{"embeddable":true,"href":"https:\/\/szentistvan.dnyem.hu\/index.php?rest_route=\/wp\/v2\/users\/2"}],"replies":[{"embeddable":true,"href":"https:\/\/szentistvan.dnyem.hu\/index.php?rest_route=%2Fwp%2Fv2%2Fcomments&post=2544"}],"version-history":[{"count":1,"href":"https:\/\/szentistvan.dnyem.hu\/index.php?rest_route=\/wp\/v2\/posts\/2544\/revisions"}],"predecessor-version":[{"id":2545,"href":"https:\/\/szentistvan.dnyem.hu\/index.php?rest_route=\/wp\/v2\/posts\/2544\/revisions\/2545"}],"wp:attachment":[{"href":"https:\/\/szentistvan.dnyem.hu\/index.php?rest_route=%2Fwp%2Fv2%2Fmedia&parent=2544"}],"wp:term":[{"taxonomy":"category","embeddable":true,"href":"https:\/\/szentistvan.dnyem.hu\/index.php?rest_route=%2Fwp%2Fv2%2Fcategories&post=2544"},{"taxonomy":"post_tag","embeddable":true,"href":"https:\/\/szentistvan.dnyem.hu\/index.php?rest_route=%2Fwp%2Fv2%2Ftags&post=2544"}],"curies":[{"name":"wp","href":"https:\/\/api.w.org\/{rel}","templated":true}]}}