{"id":2536,"date":"2019-03-06T17:22:27","date_gmt":"2019-03-06T15:22:27","guid":{"rendered":"http:\/\/szentistvan.dnyem.hu\/?p=2536"},"modified":"2019-03-27T17:52:47","modified_gmt":"2019-03-27T15:52:47","slug":"templomkert-takaritasa-2","status":"publish","type":"post","link":"https:\/\/szentistvan.dnyem.hu\/?p=2536","title":{"rendered":"Templomkert takar\u00edt\u00e1sa"},"content":{"rendered":"\n<p>M\u00e1r k\u00e9t szombaton elkezdt\u00fck a templomkert takar\u00edt\u00e1s\u00e1t. Mivel nagyon kevesen voltunk, nem tudtuk befejezni. Ha az id\u0151j\u00e1r\u00e1s megengedi,<strong> szerd\u00e1n, 27-\u00e9n d\u00e9lut\u00e1n 4 \u00f3r\u00e1t\u00f3l folytatjuk a takar\u00edt\u00e1st<\/strong>.  Min\u00e9l t\u00f6bben vagyunk, ann\u00e1l kevesebb munka jut egy emberre. Gerebly\u00e9t, lombsepr\u0171t, vill\u00e1t aki tud, hozzon mag\u00e1val. <\/p>\n","protected":false},"excerpt":{"rendered":"<p>M\u00e1r k\u00e9t szombaton elkezdt\u00fck a templomkert takar\u00edt\u00e1s\u00e1t. Mivel nagyon kevesen voltunk, nem tudtuk befejezni. Ha az id\u0151j\u00e1r\u00e1s megengedi, szerd\u00e1n, 27-\u00e9n d\u00e9lut\u00e1n 4 \u00f3r\u00e1t\u00f3l folytatjuk a&#8230;<\/p>\n","protected":false},"author":2,"featured_media":0,"comment_status":"closed","ping_status":"open","sticky":false,"template":"","format":"standard","meta":[],"categories":[1],"tags":[],"_links":{"self":[{"href":"https:\/\/szentistvan.dnyem.hu\/index.php?rest_route=\/wp\/v2\/posts\/2536"}],"collection":[{"href":"https:\/\/szentistvan.dnyem.hu\/index.php?rest_route=\/wp\/v2\/posts"}],"about":[{"href":"https:\/\/szentistvan.dnyem.hu\/index.php?rest_route=\/wp\/v2\/types\/post"}],"author":[{"embeddable":true,"href":"https:\/\/szentistvan.dnyem.hu\/index.php?rest_route=\/wp\/v2\/users\/2"}],"replies":[{"embeddable":true,"href":"https:\/\/szentistvan.dnyem.hu\/index.php?rest_route=%2Fwp%2Fv2%2Fcomments&post=2536"}],"version-history":[{"count":4,"href":"https:\/\/szentistvan.dnyem.hu\/index.php?rest_route=\/wp\/v2\/posts\/2536\/revisions"}],"predecessor-version":[{"id":2571,"href":"https:\/\/szentistvan.dnyem.hu\/index.php?rest_route=\/wp\/v2\/posts\/2536\/revisions\/2571"}],"wp:attachment":[{"href":"https:\/\/szentistvan.dnyem.hu\/index.php?rest_route=%2Fwp%2Fv2%2Fmedia&parent=2536"}],"wp:term":[{"taxonomy":"category","embeddable":true,"href":"https:\/\/szentistvan.dnyem.hu\/index.php?rest_route=%2Fwp%2Fv2%2Fcategories&post=2536"},{"taxonomy":"post_tag","embeddable":true,"href":"https:\/\/szentistvan.dnyem.hu\/index.php?rest_route=%2Fwp%2Fv2%2Ftags&post=2536"}],"curies":[{"name":"wp","href":"https:\/\/api.w.org\/{rel}","templated":true}]}}