{"id":2532,"date":"2019-03-06T17:19:42","date_gmt":"2019-03-06T15:19:42","guid":{"rendered":"http:\/\/szentistvan.dnyem.hu\/?p=2532"},"modified":"2019-03-06T17:19:44","modified_gmt":"2019-03-06T15:19:44","slug":"a-het-liturgiaja","status":"publish","type":"post","link":"https:\/\/szentistvan.dnyem.hu\/?p=2532","title":{"rendered":"A h\u00e9t liturgi\u00e1ja"},"content":{"rendered":"\n<p> A h\u00e9ten <strong>kedden, szerd\u00e1n, cs\u00fct\u00f6rt\u00f6k\u00f6n \u00e9s p\u00e9nteken<\/strong> (m\u00e1rcius 5-t\u0151l 8-ig) lesz <strong>este 6-kor igeliturgia<\/strong>. <\/p>\n\n\n\n<p><strong>Szerd\u00e1n hamvaz\u00f3szerda. <\/strong><\/p>\n\n\n\n<p><strong>Cs\u00fct\u00f6rt\u00f6k\u00f6n az igeliturgia ut\u00e1n szents\u00e9gim\u00e1d\u00e1s lesz, melyet ebben a h\u00f3napban Zolt\u00e1n atya gy\u00f3gyul\u00e1s\u00e1\u00e9rt aj\u00e1nlunk fel. <\/strong><\/p>\n\n\n\n<p><strong>P\u00e9nteken f\u00e9l 6-t\u00f3l, az igeliturgia el\u0151tt kereszt\u00fati \u00e1jtatoss\u00e1got v\u00e9gz\u00fcnk. <\/strong><\/p>\n","protected":false},"excerpt":{"rendered":"<p>A h\u00e9ten kedden, szerd\u00e1n, cs\u00fct\u00f6rt\u00f6k\u00f6n \u00e9s p\u00e9nteken (m\u00e1rcius 5-t\u0151l 8-ig) lesz este 6-kor igeliturgia. Szerd\u00e1n hamvaz\u00f3szerda. Cs\u00fct\u00f6rt\u00f6k\u00f6n az igeliturgia ut\u00e1n szents\u00e9gim\u00e1d\u00e1s lesz, melyet ebben a&#8230;<\/p>\n","protected":false},"author":2,"featured_media":0,"comment_status":"closed","ping_status":"open","sticky":false,"template":"","format":"standard","meta":[],"categories":[1],"tags":[],"_links":{"self":[{"href":"https:\/\/szentistvan.dnyem.hu\/index.php?rest_route=\/wp\/v2\/posts\/2532"}],"collection":[{"href":"https:\/\/szentistvan.dnyem.hu\/index.php?rest_route=\/wp\/v2\/posts"}],"about":[{"href":"https:\/\/szentistvan.dnyem.hu\/index.php?rest_route=\/wp\/v2\/types\/post"}],"author":[{"embeddable":true,"href":"https:\/\/szentistvan.dnyem.hu\/index.php?rest_route=\/wp\/v2\/users\/2"}],"replies":[{"embeddable":true,"href":"https:\/\/szentistvan.dnyem.hu\/index.php?rest_route=%2Fwp%2Fv2%2Fcomments&post=2532"}],"version-history":[{"count":1,"href":"https:\/\/szentistvan.dnyem.hu\/index.php?rest_route=\/wp\/v2\/posts\/2532\/revisions"}],"predecessor-version":[{"id":2533,"href":"https:\/\/szentistvan.dnyem.hu\/index.php?rest_route=\/wp\/v2\/posts\/2532\/revisions\/2533"}],"wp:attachment":[{"href":"https:\/\/szentistvan.dnyem.hu\/index.php?rest_route=%2Fwp%2Fv2%2Fmedia&parent=2532"}],"wp:term":[{"taxonomy":"category","embeddable":true,"href":"https:\/\/szentistvan.dnyem.hu\/index.php?rest_route=%2Fwp%2Fv2%2Fcategories&post=2532"},{"taxonomy":"post_tag","embeddable":true,"href":"https:\/\/szentistvan.dnyem.hu\/index.php?rest_route=%2Fwp%2Fv2%2Ftags&post=2532"}],"curies":[{"name":"wp","href":"https:\/\/api.w.org\/{rel}","templated":true}]}}