{"id":2530,"date":"2019-03-06T17:17:12","date_gmt":"2019-03-06T15:17:12","guid":{"rendered":"http:\/\/szentistvan.dnyem.hu\/?p=2530"},"modified":"2019-03-06T17:17:14","modified_gmt":"2019-03-06T15:17:14","slug":"hirek-zoltan-atyarol","status":"publish","type":"post","link":"https:\/\/szentistvan.dnyem.hu\/?p=2530","title":{"rendered":"H\u00edrek Zolt\u00e1n aty\u00e1r\u00f3l"},"content":{"rendered":"\n<p><strong> Zolt\u00e1n atya itthon van a pl\u00e9b\u00e1ni\u00e1n, j\u00f3l van, gy\u00f3gyul. <\/strong><\/p>\n\n\n\n<p><strong>Mindenkit \u00fcdv\u00f6z\u00f6l. <\/strong><\/p>\n\n\n\n<p><strong>K\u00f6sz\u00f6ni, \u00e9s tov\u00e1bbra is k\u00e9ri az \u00e9rte mondott im\u00e1kat. <\/strong><\/p>\n","protected":false},"excerpt":{"rendered":"<p>Zolt\u00e1n atya itthon van a pl\u00e9b\u00e1ni\u00e1n, j\u00f3l van, gy\u00f3gyul. Mindenkit \u00fcdv\u00f6z\u00f6l. K\u00f6sz\u00f6ni, \u00e9s tov\u00e1bbra is k\u00e9ri az \u00e9rte mondott im\u00e1kat.<\/p>\n","protected":false},"author":2,"featured_media":0,"comment_status":"closed","ping_status":"open","sticky":false,"template":"","format":"standard","meta":[],"categories":[4],"tags":[],"_links":{"self":[{"href":"https:\/\/szentistvan.dnyem.hu\/index.php?rest_route=\/wp\/v2\/posts\/2530"}],"collection":[{"href":"https:\/\/szentistvan.dnyem.hu\/index.php?rest_route=\/wp\/v2\/posts"}],"about":[{"href":"https:\/\/szentistvan.dnyem.hu\/index.php?rest_route=\/wp\/v2\/types\/post"}],"author":[{"embeddable":true,"href":"https:\/\/szentistvan.dnyem.hu\/index.php?rest_route=\/wp\/v2\/users\/2"}],"replies":[{"embeddable":true,"href":"https:\/\/szentistvan.dnyem.hu\/index.php?rest_route=%2Fwp%2Fv2%2Fcomments&post=2530"}],"version-history":[{"count":1,"href":"https:\/\/szentistvan.dnyem.hu\/index.php?rest_route=\/wp\/v2\/posts\/2530\/revisions"}],"predecessor-version":[{"id":2531,"href":"https:\/\/szentistvan.dnyem.hu\/index.php?rest_route=\/wp\/v2\/posts\/2530\/revisions\/2531"}],"wp:attachment":[{"href":"https:\/\/szentistvan.dnyem.hu\/index.php?rest_route=%2Fwp%2Fv2%2Fmedia&parent=2530"}],"wp:term":[{"taxonomy":"category","embeddable":true,"href":"https:\/\/szentistvan.dnyem.hu\/index.php?rest_route=%2Fwp%2Fv2%2Fcategories&post=2530"},{"taxonomy":"post_tag","embeddable":true,"href":"https:\/\/szentistvan.dnyem.hu\/index.php?rest_route=%2Fwp%2Fv2%2Ftags&post=2530"}],"curies":[{"name":"wp","href":"https:\/\/api.w.org\/{rel}","templated":true}]}}