{"id":2503,"date":"2019-01-29T22:10:22","date_gmt":"2019-01-29T20:10:22","guid":{"rendered":"http:\/\/szentistvan.dnyem.hu\/?p=2503"},"modified":"2019-01-29T22:10:24","modified_gmt":"2019-01-29T20:10:24","slug":"okumenikus-imaalkalom","status":"publish","type":"post","link":"https:\/\/szentistvan.dnyem.hu\/?p=2503","title":{"rendered":"\u00d6kumenikus imaalkalom"},"content":{"rendered":"\n<p><strong>Cs\u00fct\u00f6rt\u00f6k\u00f6n (janu\u00e1r 31-\u00e9n) este 18:00-t\u00f3l \u00f6kumenikus imaalkalom lesz a reform\u00e1tus templomban, azt k\u00f6vet\u0151en pedig agap\u00e9 lesz. <\/strong><\/p>\n\n\n\n<p>Nagy szeretettel h\u00edvnak \u00e9s v\u00e1rnak benn\u00fcnket.<\/p>\n\n\n\n<p>Aki teheti, k\u00e9rem, egy-egy kis apr\u00f3s\u00e1ggal j\u00e1ruljon hozz\u00e1 a szeretet-lakom\u00e1hoz.<\/p>\n","protected":false},"excerpt":{"rendered":"<p>Cs\u00fct\u00f6rt\u00f6k\u00f6n (janu\u00e1r 31-\u00e9n) este 18:00-t\u00f3l \u00f6kumenikus imaalkalom lesz a reform\u00e1tus templomban, azt k\u00f6vet\u0151en pedig agap\u00e9 lesz. Nagy szeretettel h\u00edvnak \u00e9s v\u00e1rnak benn\u00fcnket. Aki teheti, k\u00e9rem,&#8230;<\/p>\n","protected":false},"author":2,"featured_media":0,"comment_status":"closed","ping_status":"open","sticky":false,"template":"","format":"standard","meta":[],"categories":[1,9,2],"tags":[],"_links":{"self":[{"href":"https:\/\/szentistvan.dnyem.hu\/index.php?rest_route=\/wp\/v2\/posts\/2503"}],"collection":[{"href":"https:\/\/szentistvan.dnyem.hu\/index.php?rest_route=\/wp\/v2\/posts"}],"about":[{"href":"https:\/\/szentistvan.dnyem.hu\/index.php?rest_route=\/wp\/v2\/types\/post"}],"author":[{"embeddable":true,"href":"https:\/\/szentistvan.dnyem.hu\/index.php?rest_route=\/wp\/v2\/users\/2"}],"replies":[{"embeddable":true,"href":"https:\/\/szentistvan.dnyem.hu\/index.php?rest_route=%2Fwp%2Fv2%2Fcomments&post=2503"}],"version-history":[{"count":1,"href":"https:\/\/szentistvan.dnyem.hu\/index.php?rest_route=\/wp\/v2\/posts\/2503\/revisions"}],"predecessor-version":[{"id":2504,"href":"https:\/\/szentistvan.dnyem.hu\/index.php?rest_route=\/wp\/v2\/posts\/2503\/revisions\/2504"}],"wp:attachment":[{"href":"https:\/\/szentistvan.dnyem.hu\/index.php?rest_route=%2Fwp%2Fv2%2Fmedia&parent=2503"}],"wp:term":[{"taxonomy":"category","embeddable":true,"href":"https:\/\/szentistvan.dnyem.hu\/index.php?rest_route=%2Fwp%2Fv2%2Fcategories&post=2503"},{"taxonomy":"post_tag","embeddable":true,"href":"https:\/\/szentistvan.dnyem.hu\/index.php?rest_route=%2Fwp%2Fv2%2Ftags&post=2503"}],"curies":[{"name":"wp","href":"https:\/\/api.w.org\/{rel}","templated":true}]}}