{"id":2496,"date":"2019-01-20T19:50:11","date_gmt":"2019-01-20T17:50:11","guid":{"rendered":"http:\/\/szentistvan.dnyem.hu\/?p=2496"},"modified":"2019-01-20T19:50:13","modified_gmt":"2019-01-20T17:50:13","slug":"karitasz-gyules-5","status":"publish","type":"post","link":"https:\/\/szentistvan.dnyem.hu\/?p=2496","title":{"rendered":"Karit\u00e1sz gy\u0171l\u00e9s"},"content":{"rendered":"\n<p><strong>Cs\u00fct\u00f6rt\u00f6k\u00f6n (janu\u00e1r 24-\u00e9n) este a karit\u00e1sz tagoknak lesz gy\u0171l\u00e9s a Pl\u00e9b\u00e1ni\u00e1n.<\/strong> <\/p>\n\n\n\n<p>H\u00edvom \u00e9s v\u00e1rom a tagokat szeretettel.<\/p>\n","protected":false},"excerpt":{"rendered":"<p>Cs\u00fct\u00f6rt\u00f6k\u00f6n (janu\u00e1r 24-\u00e9n) este a karit\u00e1sz tagoknak lesz gy\u0171l\u00e9s a Pl\u00e9b\u00e1ni\u00e1n. H\u00edvom \u00e9s v\u00e1rom a tagokat szeretettel.<\/p>\n","protected":false},"author":2,"featured_media":0,"comment_status":"closed","ping_status":"open","sticky":false,"template":"","format":"standard","meta":[],"categories":[7,2],"tags":[],"_links":{"self":[{"href":"https:\/\/szentistvan.dnyem.hu\/index.php?rest_route=\/wp\/v2\/posts\/2496"}],"collection":[{"href":"https:\/\/szentistvan.dnyem.hu\/index.php?rest_route=\/wp\/v2\/posts"}],"about":[{"href":"https:\/\/szentistvan.dnyem.hu\/index.php?rest_route=\/wp\/v2\/types\/post"}],"author":[{"embeddable":true,"href":"https:\/\/szentistvan.dnyem.hu\/index.php?rest_route=\/wp\/v2\/users\/2"}],"replies":[{"embeddable":true,"href":"https:\/\/szentistvan.dnyem.hu\/index.php?rest_route=%2Fwp%2Fv2%2Fcomments&post=2496"}],"version-history":[{"count":1,"href":"https:\/\/szentistvan.dnyem.hu\/index.php?rest_route=\/wp\/v2\/posts\/2496\/revisions"}],"predecessor-version":[{"id":2497,"href":"https:\/\/szentistvan.dnyem.hu\/index.php?rest_route=\/wp\/v2\/posts\/2496\/revisions\/2497"}],"wp:attachment":[{"href":"https:\/\/szentistvan.dnyem.hu\/index.php?rest_route=%2Fwp%2Fv2%2Fmedia&parent=2496"}],"wp:term":[{"taxonomy":"category","embeddable":true,"href":"https:\/\/szentistvan.dnyem.hu\/index.php?rest_route=%2Fwp%2Fv2%2Fcategories&post=2496"},{"taxonomy":"post_tag","embeddable":true,"href":"https:\/\/szentistvan.dnyem.hu\/index.php?rest_route=%2Fwp%2Fv2%2Ftags&post=2496"}],"curies":[{"name":"wp","href":"https:\/\/api.w.org\/{rel}","templated":true}]}}