{"id":2494,"date":"2019-01-20T19:47:40","date_gmt":"2019-01-20T17:47:40","guid":{"rendered":"http:\/\/szentistvan.dnyem.hu\/?p=2494"},"modified":"2019-01-20T19:47:42","modified_gmt":"2019-01-20T17:47:42","slug":"debreceni-katolikus-bal","status":"publish","type":"post","link":"https:\/\/szentistvan.dnyem.hu\/?p=2494","title":{"rendered":"Debreceni Katolikus B\u00e1l"},"content":{"rendered":"\n<p><strong>Debreceni Katolikus B\u00e1l lesz, a K\u00f6lcsey K\u00f6zpontban.<\/strong> <\/p>\n\n\n\n<p><strong>Id\u0151pont: 2019 febru\u00e1r 08. <\/strong><\/p>\n\n\n\n<p><strong>A b\u00e1l r\u00e9sztvev\u0151it 19 \u00f3rakor Pal\u00e1nki Ferenc Debrecen-ny\u00edregyh\u00e1zi megy\u00e9sp\u00fcsp\u00f6k fogja k\u00f6sz\u00f6nteni,<\/strong> amelyet r\u00f6vid m\u0171sor, majd vacsora k\u00f6vet. <\/p>\n\n\n\n<p><strong>Kapunyit\u00e1s: 18:00<\/strong><\/p>\n\n\n\n<p><strong>A bel\u00e9p\u0151jegyet \u2014 3000 Ft\/f\u0151 \u2014 a debreceni pl\u00e9b\u00e1ni\u00e1kon \u00e9s a P\u00fcsp\u00f6ki Hivatalban lehet megv\u00e1s\u00e1rolni, a 14 \u00e9v alatti gyermekek r\u00e9szv\u00e9tele ingyenes.<\/strong> <\/p>\n\n\n\n<p>A b\u00e1ltermet 10 szem\u00e9lyes k\u00f6rasztalokkal rendezik be. <strong>A bel\u00e9p\u0151jegy \u00e1ra tartalmazza a sv\u00e9dasztalos, t\u00f6bb fog\u00e1sos g\u00e1la vacsor\u00e1t \u00e9s az ital egy r\u00e9sz\u00e9t.<\/strong> A b\u00e1l ideje alatt b\u00fcf\u00e9 \u00fczemel.<\/p>\n\n\n\n<p><strong> A rendezv\u00e9nyen tombolasorsol\u00e1s is lesz, jegyek 200 Ft-os \u00e1ron, a helysz\u00ednen kaphat\u00f3k.<br> A tombola bev\u00e9tel\u00e9vel a debreceni karit\u00e1sz munk\u00e1j\u00e1t t\u00e1mogatj\u00e1k, nagyobb p\u00e9nz\u00f6sszeg\u0171 felaj\u00e1nl\u00e1sokat is elfogadunk, szint\u00e9n a karitat\u00edv csoport jav\u00e1ra<\/strong>.<\/p>\n","protected":false},"excerpt":{"rendered":"<p>Debreceni Katolikus B\u00e1l lesz, a K\u00f6lcsey K\u00f6zpontban. Id\u0151pont: 2019 febru\u00e1r 08. A b\u00e1l r\u00e9sztvev\u0151it 19 \u00f3rakor Pal\u00e1nki Ferenc Debrecen-ny\u00edregyh\u00e1zi megy\u00e9sp\u00fcsp\u00f6k fogja k\u00f6sz\u00f6nteni, amelyet r\u00f6vid m\u0171sor,&#8230;<\/p>\n","protected":false},"author":2,"featured_media":0,"comment_status":"closed","ping_status":"open","sticky":false,"template":"","format":"standard","meta":[],"categories":[1,2],"tags":[],"_links":{"self":[{"href":"https:\/\/szentistvan.dnyem.hu\/index.php?rest_route=\/wp\/v2\/posts\/2494"}],"collection":[{"href":"https:\/\/szentistvan.dnyem.hu\/index.php?rest_route=\/wp\/v2\/posts"}],"about":[{"href":"https:\/\/szentistvan.dnyem.hu\/index.php?rest_route=\/wp\/v2\/types\/post"}],"author":[{"embeddable":true,"href":"https:\/\/szentistvan.dnyem.hu\/index.php?rest_route=\/wp\/v2\/users\/2"}],"replies":[{"embeddable":true,"href":"https:\/\/szentistvan.dnyem.hu\/index.php?rest_route=%2Fwp%2Fv2%2Fcomments&post=2494"}],"version-history":[{"count":1,"href":"https:\/\/szentistvan.dnyem.hu\/index.php?rest_route=\/wp\/v2\/posts\/2494\/revisions"}],"predecessor-version":[{"id":2495,"href":"https:\/\/szentistvan.dnyem.hu\/index.php?rest_route=\/wp\/v2\/posts\/2494\/revisions\/2495"}],"wp:attachment":[{"href":"https:\/\/szentistvan.dnyem.hu\/index.php?rest_route=%2Fwp%2Fv2%2Fmedia&parent=2494"}],"wp:term":[{"taxonomy":"category","embeddable":true,"href":"https:\/\/szentistvan.dnyem.hu\/index.php?rest_route=%2Fwp%2Fv2%2Fcategories&post=2494"},{"taxonomy":"post_tag","embeddable":true,"href":"https:\/\/szentistvan.dnyem.hu\/index.php?rest_route=%2Fwp%2Fv2%2Ftags&post=2494"}],"curies":[{"name":"wp","href":"https:\/\/api.w.org\/{rel}","templated":true}]}}