{"id":2478,"date":"2019-01-11T20:13:34","date_gmt":"2019-01-11T18:13:34","guid":{"rendered":"http:\/\/szentistvan.dnyem.hu\/?p=2478"},"modified":"2019-01-15T22:08:08","modified_gmt":"2019-01-15T20:08:08","slug":"szentsegimadas-a-bekeert-2","status":"publish","type":"post","link":"https:\/\/szentistvan.dnyem.hu\/?p=2478","title":{"rendered":"Szents\u00e9gim\u00e1d\u00e1s a b\u00e9k\u00e9\u00e9rt"},"content":{"rendered":"\n<p><strong> Janu\u00e1r h\u00f3napban a cs\u00fct\u00f6rt\u00f6k esti szents\u00e9gim\u00e1d\u00e1si \u00f3r\u00e1kat a b\u00e9k\u00e9\u00e9rt aj\u00e1nljuk fel. <\/strong><\/p>\n\n\n\n<p>Szeretettel h\u00edvom \u00e9s v\u00e1rom a Kedves Testv\u00e9reket a k\u00f6z\u00f6s im\u00e1ds\u00e1gra. <\/p>\n","protected":false},"excerpt":{"rendered":"<p>Janu\u00e1r h\u00f3napban a cs\u00fct\u00f6rt\u00f6k esti szents\u00e9gim\u00e1d\u00e1si \u00f3r\u00e1kat a b\u00e9k\u00e9\u00e9rt aj\u00e1nljuk fel. Szeretettel h\u00edvom \u00e9s v\u00e1rom a Kedves Testv\u00e9reket a k\u00f6z\u00f6s im\u00e1ds\u00e1gra.<\/p>\n","protected":false},"author":2,"featured_media":0,"comment_status":"closed","ping_status":"open","sticky":false,"template":"","format":"standard","meta":[],"categories":[1,9,2],"tags":[],"_links":{"self":[{"href":"https:\/\/szentistvan.dnyem.hu\/index.php?rest_route=\/wp\/v2\/posts\/2478"}],"collection":[{"href":"https:\/\/szentistvan.dnyem.hu\/index.php?rest_route=\/wp\/v2\/posts"}],"about":[{"href":"https:\/\/szentistvan.dnyem.hu\/index.php?rest_route=\/wp\/v2\/types\/post"}],"author":[{"embeddable":true,"href":"https:\/\/szentistvan.dnyem.hu\/index.php?rest_route=\/wp\/v2\/users\/2"}],"replies":[{"embeddable":true,"href":"https:\/\/szentistvan.dnyem.hu\/index.php?rest_route=%2Fwp%2Fv2%2Fcomments&post=2478"}],"version-history":[{"count":2,"href":"https:\/\/szentistvan.dnyem.hu\/index.php?rest_route=\/wp\/v2\/posts\/2478\/revisions"}],"predecessor-version":[{"id":2486,"href":"https:\/\/szentistvan.dnyem.hu\/index.php?rest_route=\/wp\/v2\/posts\/2478\/revisions\/2486"}],"wp:attachment":[{"href":"https:\/\/szentistvan.dnyem.hu\/index.php?rest_route=%2Fwp%2Fv2%2Fmedia&parent=2478"}],"wp:term":[{"taxonomy":"category","embeddable":true,"href":"https:\/\/szentistvan.dnyem.hu\/index.php?rest_route=%2Fwp%2Fv2%2Fcategories&post=2478"},{"taxonomy":"post_tag","embeddable":true,"href":"https:\/\/szentistvan.dnyem.hu\/index.php?rest_route=%2Fwp%2Fv2%2Ftags&post=2478"}],"curies":[{"name":"wp","href":"https:\/\/api.w.org\/{rel}","templated":true}]}}