{"id":2456,"date":"2018-12-23T13:27:33","date_gmt":"2018-12-23T11:27:33","guid":{"rendered":"http:\/\/szentistvan.dnyem.hu\/?p=2456"},"modified":"2018-12-23T13:27:36","modified_gmt":"2018-12-23T11:27:36","slug":"unnepi-miserend","status":"publish","type":"post","link":"https:\/\/szentistvan.dnyem.hu\/?p=2456","title":{"rendered":"\u00dcnnepi miserend"},"content":{"rendered":"\n<p><strong>December 24-\u00e9n, h\u00e9tf\u0151n <\/strong><\/p>\n\n\n\n<p>23:00-kor nyitjuk ki a templomot,<\/p>\n\n\n\n<p>23:30-t\u00f3l a gyerekek p\u00e1sztorj\u00e1t\u00e9ka lesz.<\/p>\n\n\n\n<p><strong>December 25-\u00e9n, kedden<\/strong><\/p>\n\n\n\n<p>00:00-t\u00f3l lesz az \u00fcnnepi \u00e9jf\u00e9li mise,<\/p>\n\n\n\n<p>09:00-t\u00f3l r\u00f3zsaf\u00fcz\u00e9r-im\u00e1dkoz\u00e1s,<\/p>\n\n\n\n<p>09:30-kor kezd\u0151dik az \u00fcnnepi szentmise.<\/p>\n\n\n\n<p><strong>December 26-\u00e1n, szerd\u00e1n<\/strong><\/p>\n\n\n\n<p>09:00-t\u00f3l r\u00f3zsaf\u00fcz\u00e9r-im\u00e1dkoz\u00e1s,<\/p>\n\n\n\n<p>09:30-kor kezd\u0151dik az \u00fcnnepi szentmise.<\/p>\n\n\n\n<p><strong>A h\u00e9ten december 27-\u00e9n (cs\u00fct\u00f6rt\u00f6k\u00f6n), december 28-\u00e1n (p\u00e9nteken) \u00e9s december 29-\u00e9n (szombaton) nem lesz templomunkban szentmise.<\/strong><\/p>\n\n\n\n<p><strong>December 30-\u00e1n lesz a Szent Csal\u00e1d vas\u00e1rnapja<\/strong><br><\/p>\n\n\n\n<p><br><\/p>\n","protected":false},"excerpt":{"rendered":"<p>December 24-\u00e9n, h\u00e9tf\u0151n 23:00-kor nyitjuk ki a templomot, 23:30-t\u00f3l a gyerekek p\u00e1sztorj\u00e1t\u00e9ka lesz. December 25-\u00e9n, kedden 00:00-t\u00f3l lesz az \u00fcnnepi \u00e9jf\u00e9li mise, 09:00-t\u00f3l r\u00f3zsaf\u00fcz\u00e9r-im\u00e1dkoz\u00e1s, 09:30-kor&#8230;<\/p>\n","protected":false},"author":2,"featured_media":0,"comment_status":"closed","ping_status":"open","sticky":false,"template":"","format":"standard","meta":[],"categories":[9,2],"tags":[],"_links":{"self":[{"href":"https:\/\/szentistvan.dnyem.hu\/index.php?rest_route=\/wp\/v2\/posts\/2456"}],"collection":[{"href":"https:\/\/szentistvan.dnyem.hu\/index.php?rest_route=\/wp\/v2\/posts"}],"about":[{"href":"https:\/\/szentistvan.dnyem.hu\/index.php?rest_route=\/wp\/v2\/types\/post"}],"author":[{"embeddable":true,"href":"https:\/\/szentistvan.dnyem.hu\/index.php?rest_route=\/wp\/v2\/users\/2"}],"replies":[{"embeddable":true,"href":"https:\/\/szentistvan.dnyem.hu\/index.php?rest_route=%2Fwp%2Fv2%2Fcomments&post=2456"}],"version-history":[{"count":1,"href":"https:\/\/szentistvan.dnyem.hu\/index.php?rest_route=\/wp\/v2\/posts\/2456\/revisions"}],"predecessor-version":[{"id":2457,"href":"https:\/\/szentistvan.dnyem.hu\/index.php?rest_route=\/wp\/v2\/posts\/2456\/revisions\/2457"}],"wp:attachment":[{"href":"https:\/\/szentistvan.dnyem.hu\/index.php?rest_route=%2Fwp%2Fv2%2Fmedia&parent=2456"}],"wp:term":[{"taxonomy":"category","embeddable":true,"href":"https:\/\/szentistvan.dnyem.hu\/index.php?rest_route=%2Fwp%2Fv2%2Fcategories&post=2456"},{"taxonomy":"post_tag","embeddable":true,"href":"https:\/\/szentistvan.dnyem.hu\/index.php?rest_route=%2Fwp%2Fv2%2Ftags&post=2456"}],"curies":[{"name":"wp","href":"https:\/\/api.w.org\/{rel}","templated":true}]}}