{"id":2447,"date":"2018-12-18T23:30:12","date_gmt":"2018-12-18T21:30:12","guid":{"rendered":"http:\/\/szentistvan.dnyem.hu\/?p=2447"},"modified":"2018-12-18T23:30:14","modified_gmt":"2018-12-18T21:30:14","slug":"templomtakaritas-6","status":"publish","type":"post","link":"https:\/\/szentistvan.dnyem.hu\/?p=2447","title":{"rendered":"Templomtakar\u00edt\u00e1s"},"content":{"rendered":"\n<p>December 22-\u00e9n, szombaton, reggel 9:00-t\u00f3l lesz a templomtakar\u00edt\u00e1s.<\/p>\n\n\n\n<p>H\u00edvom \u00e9s v\u00e1rom a kedves testv\u00e9reket!<br><\/p>\n","protected":false},"excerpt":{"rendered":"<p>December 22-\u00e9n, szombaton, reggel 9:00-t\u00f3l lesz a templomtakar\u00edt\u00e1s. H\u00edvom \u00e9s v\u00e1rom a kedves testv\u00e9reket!<\/p>\n","protected":false},"author":2,"featured_media":0,"comment_status":"closed","ping_status":"open","sticky":false,"template":"","format":"standard","meta":[],"categories":[2],"tags":[],"_links":{"self":[{"href":"https:\/\/szentistvan.dnyem.hu\/index.php?rest_route=\/wp\/v2\/posts\/2447"}],"collection":[{"href":"https:\/\/szentistvan.dnyem.hu\/index.php?rest_route=\/wp\/v2\/posts"}],"about":[{"href":"https:\/\/szentistvan.dnyem.hu\/index.php?rest_route=\/wp\/v2\/types\/post"}],"author":[{"embeddable":true,"href":"https:\/\/szentistvan.dnyem.hu\/index.php?rest_route=\/wp\/v2\/users\/2"}],"replies":[{"embeddable":true,"href":"https:\/\/szentistvan.dnyem.hu\/index.php?rest_route=%2Fwp%2Fv2%2Fcomments&post=2447"}],"version-history":[{"count":1,"href":"https:\/\/szentistvan.dnyem.hu\/index.php?rest_route=\/wp\/v2\/posts\/2447\/revisions"}],"predecessor-version":[{"id":2448,"href":"https:\/\/szentistvan.dnyem.hu\/index.php?rest_route=\/wp\/v2\/posts\/2447\/revisions\/2448"}],"wp:attachment":[{"href":"https:\/\/szentistvan.dnyem.hu\/index.php?rest_route=%2Fwp%2Fv2%2Fmedia&parent=2447"}],"wp:term":[{"taxonomy":"category","embeddable":true,"href":"https:\/\/szentistvan.dnyem.hu\/index.php?rest_route=%2Fwp%2Fv2%2Fcategories&post=2447"},{"taxonomy":"post_tag","embeddable":true,"href":"https:\/\/szentistvan.dnyem.hu\/index.php?rest_route=%2Fwp%2Fv2%2Ftags&post=2447"}],"curies":[{"name":"wp","href":"https:\/\/api.w.org\/{rel}","templated":true}]}}