{"id":2438,"date":"2018-12-09T14:06:04","date_gmt":"2018-12-09T12:06:04","guid":{"rendered":"http:\/\/szentistvan.dnyem.hu\/?p=2438"},"modified":"2018-12-09T14:06:06","modified_gmt":"2018-12-09T12:06:06","slug":"advent-kassan","status":"publish","type":"post","link":"https:\/\/szentistvan.dnyem.hu\/?p=2438","title":{"rendered":"Advent Kass\u00e1n"},"content":{"rendered":"\n2018. december 22-\u00e9n adventi kir\u00e1ndul\u00e1s lesz Kass\u00e1ra. \nJelentkez\u00e9si hat\u00e1rid\u0151: 2018. december 17. \nR\u00e9szletes program, inform\u00e1ci\u00f3 a hirdet\u0151t\u00e1bl\u00e1n olvashat\u00f3. Jelentkezni, szem\u00e9lyesen a sekresty\u00e9ben lehet.\n","protected":false},"excerpt":{"rendered":"<p>2018. december 22-\u00e9n adventi kir\u00e1ndul\u00e1s lesz Kass\u00e1ra. Jelentkez\u00e9si hat\u00e1rid\u0151: 2018. december 17. R\u00e9szletes program, inform\u00e1ci\u00f3 a hirdet\u0151t\u00e1bl\u00e1n olvashat\u00f3. Jelentkezni, szem\u00e9lyesen a sekresty\u00e9ben lehet.<\/p>\n","protected":false},"author":2,"featured_media":0,"comment_status":"closed","ping_status":"open","sticky":false,"template":"","format":"standard","meta":[],"categories":[1],"tags":[],"_links":{"self":[{"href":"https:\/\/szentistvan.dnyem.hu\/index.php?rest_route=\/wp\/v2\/posts\/2438"}],"collection":[{"href":"https:\/\/szentistvan.dnyem.hu\/index.php?rest_route=\/wp\/v2\/posts"}],"about":[{"href":"https:\/\/szentistvan.dnyem.hu\/index.php?rest_route=\/wp\/v2\/types\/post"}],"author":[{"embeddable":true,"href":"https:\/\/szentistvan.dnyem.hu\/index.php?rest_route=\/wp\/v2\/users\/2"}],"replies":[{"embeddable":true,"href":"https:\/\/szentistvan.dnyem.hu\/index.php?rest_route=%2Fwp%2Fv2%2Fcomments&post=2438"}],"version-history":[{"count":1,"href":"https:\/\/szentistvan.dnyem.hu\/index.php?rest_route=\/wp\/v2\/posts\/2438\/revisions"}],"predecessor-version":[{"id":2439,"href":"https:\/\/szentistvan.dnyem.hu\/index.php?rest_route=\/wp\/v2\/posts\/2438\/revisions\/2439"}],"wp:attachment":[{"href":"https:\/\/szentistvan.dnyem.hu\/index.php?rest_route=%2Fwp%2Fv2%2Fmedia&parent=2438"}],"wp:term":[{"taxonomy":"category","embeddable":true,"href":"https:\/\/szentistvan.dnyem.hu\/index.php?rest_route=%2Fwp%2Fv2%2Fcategories&post=2438"},{"taxonomy":"post_tag","embeddable":true,"href":"https:\/\/szentistvan.dnyem.hu\/index.php?rest_route=%2Fwp%2Fv2%2Ftags&post=2438"}],"curies":[{"name":"wp","href":"https:\/\/api.w.org\/{rel}","templated":true}]}}