{"id":2421,"date":"2018-11-28T01:30:44","date_gmt":"2018-11-27T23:30:44","guid":{"rendered":"http:\/\/szentistvan.dnyem.hu\/?p=2421"},"modified":"2018-12-18T23:31:56","modified_gmt":"2018-12-18T21:31:56","slug":"rorate","status":"publish","type":"post","link":"https:\/\/szentistvan.dnyem.hu\/?p=2421","title":{"rendered":"Rorate"},"content":{"rendered":"<p><strong>Templomunkban advent h\u00e9tk\u00f6znapjain minden reggel 06:00-t\u00f3l van Rorate szentmise.<\/strong> H\u00edvom \u00e9s v\u00e1rom a Kedves Testv\u00e9reket, hogy M\u00e1ri\u00e1val, a v\u00e1rakoz\u00e1s asszony\u00e1val egy\u00fctt k\u00e9sz\u00fclj\u00fcnk az \u00fcnnepre!<\/p>\n","protected":false},"excerpt":{"rendered":"<p>Templomunkban advent h\u00e9tk\u00f6znapjain minden reggel 06:00-t\u00f3l van Rorate szentmise. H\u00edvom \u00e9s v\u00e1rom a Kedves Testv\u00e9reket, hogy M\u00e1ri\u00e1val, a v\u00e1rakoz\u00e1s asszony\u00e1val egy\u00fctt k\u00e9sz\u00fclj\u00fcnk az \u00fcnnepre!<\/p>\n","protected":false},"author":2,"featured_media":0,"comment_status":"closed","ping_status":"open","sticky":false,"template":"","format":"standard","meta":[],"categories":[9,2],"tags":[],"_links":{"self":[{"href":"https:\/\/szentistvan.dnyem.hu\/index.php?rest_route=\/wp\/v2\/posts\/2421"}],"collection":[{"href":"https:\/\/szentistvan.dnyem.hu\/index.php?rest_route=\/wp\/v2\/posts"}],"about":[{"href":"https:\/\/szentistvan.dnyem.hu\/index.php?rest_route=\/wp\/v2\/types\/post"}],"author":[{"embeddable":true,"href":"https:\/\/szentistvan.dnyem.hu\/index.php?rest_route=\/wp\/v2\/users\/2"}],"replies":[{"embeddable":true,"href":"https:\/\/szentistvan.dnyem.hu\/index.php?rest_route=%2Fwp%2Fv2%2Fcomments&post=2421"}],"version-history":[{"count":2,"href":"https:\/\/szentistvan.dnyem.hu\/index.php?rest_route=\/wp\/v2\/posts\/2421\/revisions"}],"predecessor-version":[{"id":2449,"href":"https:\/\/szentistvan.dnyem.hu\/index.php?rest_route=\/wp\/v2\/posts\/2421\/revisions\/2449"}],"wp:attachment":[{"href":"https:\/\/szentistvan.dnyem.hu\/index.php?rest_route=%2Fwp%2Fv2%2Fmedia&parent=2421"}],"wp:term":[{"taxonomy":"category","embeddable":true,"href":"https:\/\/szentistvan.dnyem.hu\/index.php?rest_route=%2Fwp%2Fv2%2Fcategories&post=2421"},{"taxonomy":"post_tag","embeddable":true,"href":"https:\/\/szentistvan.dnyem.hu\/index.php?rest_route=%2Fwp%2Fv2%2Ftags&post=2421"}],"curies":[{"name":"wp","href":"https:\/\/api.w.org\/{rel}","templated":true}]}}