{"id":2295,"date":"2018-09-23T18:47:47","date_gmt":"2018-09-23T16:47:47","guid":{"rendered":"http:\/\/szentistvan.dnyem.hu\/?p=2295"},"modified":"2019-02-10T16:18:32","modified_gmt":"2019-02-10T14:18:32","slug":"valtozas-a-szentmisek-rendjeben-2","status":"publish","type":"post","link":"https:\/\/szentistvan.dnyem.hu\/?p=2295","title":{"rendered":"Ideiglenes v\u00e1ltoz\u00e1s a szentmis\u00e9k rendj\u00e9ben \u00e9s pl\u00e9b\u00e1ni\u00e1nk \u00e9let\u00e9ben"},"content":{"rendered":"<p><strong>Febru\u00e1r 4-\u00e9n Bancsi Zolt\u00e1n aty\u00e1t sikeresen megm\u0171t\u00f6tt\u00e9k<\/strong> (\u00faj ves\u00e9t kapott). Mivel a teljes fel\u00e9p\u00fcl\u00e9s\u00e9ig m\u00e9g sok id\u0151 van h\u00e1tra, ez\u00e9rt addig <strong>templomunkban h\u00e9tk\u00f6znaponk\u00e9nt minden este 18:00-kor Zolt\u00e1n atya gy\u00f3gyul\u00e1s\u00e1\u00e9rt igeliturgia lesz \u00e1ldoztat\u00e1ssal. Cs\u00fct\u00f6rt\u00f6k\u00f6nk\u00e9nt az igeliturgia ut\u00e1n lesz szents\u00e9gim\u00e1d\u00e1s, amelyet a betegek\u00e9rt aj\u00e1nlunk fel.<\/strong><\/p>\n<p>K\u00e9rj\u00fck, hogy min\u00e9l t\u00f6bben csatlakozzunk ezekhez az alkalmakhoz: <strong>aki teheti k\u00f6z\u00f6sen is, de egy\u00e9nileg mindenki im\u00e1dkozzon Zolt\u00e1n atya teljes gy\u00f3gyul\u00e1s\u00e1\u00e9rt.<\/strong><\/p>\n<p><strong>A vas\u00e1rnapi szentmis\u00e9ket<\/strong> a 09:00-kor kezd\u0151d\u0151 r\u00f3zsaf\u00fcz\u00e9r-im\u00e1dkoz\u00e1s ut\u00e1n <strong>a megszokott id\u0151pontban, 09:30-t\u00f3l<\/strong> (a Szent Anna Sz\u00e9kesegyh\u00e1zb\u00f3l m\u00e1r ismert) <strong>Vad\u00e1sz L\u00e1szl\u00f3 atya celebr\u00e1lja.<\/strong><\/p>\n<p>Ez alatt az id\u0151 alatt <strong>a hivatali \u00fcgyeket<\/strong> (esket\u00e9s, keresztel\u00e9s, temet\u00e9s stb.) <strong>a Megtestes\u00fcl\u00e9s pl\u00e9b\u00e1ni\u00e1n<\/strong> (4032 Debrecen, Borb\u00edr\u00f3 t\u00e9r 9, tel.: 52\/535-735, e-mail: iroda@megtestesules.info) <strong>T\u00f3th L\u00e1szl\u00f3 aty\u00e1n\u00e1l lehet int\u00e9zni.<\/strong><\/p>\n","protected":false},"excerpt":{"rendered":"<p>Febru\u00e1r 4-\u00e9n Bancsi Zolt\u00e1n aty\u00e1t sikeresen megm\u0171t\u00f6tt\u00e9k (\u00faj ves\u00e9t kapott). Mivel a teljes fel\u00e9p\u00fcl\u00e9s\u00e9ig m\u00e9g sok id\u0151 van h\u00e1tra, ez\u00e9rt addig templomunkban h\u00e9tk\u00f6znaponk\u00e9nt minden este&#8230;<\/p>\n","protected":false},"author":2,"featured_media":0,"comment_status":"closed","ping_status":"open","sticky":false,"template":"","format":"standard","meta":[],"categories":[4,9,2],"tags":[],"_links":{"self":[{"href":"https:\/\/szentistvan.dnyem.hu\/index.php?rest_route=\/wp\/v2\/posts\/2295"}],"collection":[{"href":"https:\/\/szentistvan.dnyem.hu\/index.php?rest_route=\/wp\/v2\/posts"}],"about":[{"href":"https:\/\/szentistvan.dnyem.hu\/index.php?rest_route=\/wp\/v2\/types\/post"}],"author":[{"embeddable":true,"href":"https:\/\/szentistvan.dnyem.hu\/index.php?rest_route=\/wp\/v2\/users\/2"}],"replies":[{"embeddable":true,"href":"https:\/\/szentistvan.dnyem.hu\/index.php?rest_route=%2Fwp%2Fv2%2Fcomments&post=2295"}],"version-history":[{"count":16,"href":"https:\/\/szentistvan.dnyem.hu\/index.php?rest_route=\/wp\/v2\/posts\/2295\/revisions"}],"predecessor-version":[{"id":2517,"href":"https:\/\/szentistvan.dnyem.hu\/index.php?rest_route=\/wp\/v2\/posts\/2295\/revisions\/2517"}],"wp:attachment":[{"href":"https:\/\/szentistvan.dnyem.hu\/index.php?rest_route=%2Fwp%2Fv2%2Fmedia&parent=2295"}],"wp:term":[{"taxonomy":"category","embeddable":true,"href":"https:\/\/szentistvan.dnyem.hu\/index.php?rest_route=%2Fwp%2Fv2%2Fcategories&post=2295"},{"taxonomy":"post_tag","embeddable":true,"href":"https:\/\/szentistvan.dnyem.hu\/index.php?rest_route=%2Fwp%2Fv2%2Ftags&post=2295"}],"curies":[{"name":"wp","href":"https:\/\/api.w.org\/{rel}","templated":true}]}}