{"id":2284,"date":"2018-09-09T14:07:11","date_gmt":"2018-09-09T12:07:11","guid":{"rendered":"http:\/\/szentistvan.dnyem.hu\/?p=2284"},"modified":"2018-09-09T14:07:11","modified_gmt":"2018-09-09T12:07:11","slug":"szentmiserend-valtozas-3","status":"publish","type":"post","link":"https:\/\/szentistvan.dnyem.hu\/?p=2284","title":{"rendered":"Szentmiserend-v\u00e1ltoz\u00e1s"},"content":{"rendered":"<p><strong>A h\u00e9ten szeptember 10-\u00e9n (h\u00e9tf\u0151n), 12-\u00e9n (szerd\u00e1n), 14-\u00e9n (p\u00e9nteken) \u00e9s 15-\u00e9n (szombaton) nem lesz szentmise. <\/strong><\/p>\n<p>K\u00f6sz\u00f6n\u00f6m a kedves testv\u00e9rek meg\u00e9rt\u00e9s\u00e9t.<\/p>\n","protected":false},"excerpt":{"rendered":"<p>A h\u00e9ten szeptember 10-\u00e9n (h\u00e9tf\u0151n), 12-\u00e9n (szerd\u00e1n), 14-\u00e9n (p\u00e9nteken) \u00e9s 15-\u00e9n (szombaton) nem lesz szentmise. K\u00f6sz\u00f6n\u00f6m a kedves testv\u00e9rek meg\u00e9rt\u00e9s\u00e9t.<\/p>\n","protected":false},"author":2,"featured_media":0,"comment_status":"closed","ping_status":"open","sticky":false,"template":"","format":"standard","meta":[],"categories":[4,9],"tags":[],"_links":{"self":[{"href":"https:\/\/szentistvan.dnyem.hu\/index.php?rest_route=\/wp\/v2\/posts\/2284"}],"collection":[{"href":"https:\/\/szentistvan.dnyem.hu\/index.php?rest_route=\/wp\/v2\/posts"}],"about":[{"href":"https:\/\/szentistvan.dnyem.hu\/index.php?rest_route=\/wp\/v2\/types\/post"}],"author":[{"embeddable":true,"href":"https:\/\/szentistvan.dnyem.hu\/index.php?rest_route=\/wp\/v2\/users\/2"}],"replies":[{"embeddable":true,"href":"https:\/\/szentistvan.dnyem.hu\/index.php?rest_route=%2Fwp%2Fv2%2Fcomments&post=2284"}],"version-history":[{"count":1,"href":"https:\/\/szentistvan.dnyem.hu\/index.php?rest_route=\/wp\/v2\/posts\/2284\/revisions"}],"predecessor-version":[{"id":2285,"href":"https:\/\/szentistvan.dnyem.hu\/index.php?rest_route=\/wp\/v2\/posts\/2284\/revisions\/2285"}],"wp:attachment":[{"href":"https:\/\/szentistvan.dnyem.hu\/index.php?rest_route=%2Fwp%2Fv2%2Fmedia&parent=2284"}],"wp:term":[{"taxonomy":"category","embeddable":true,"href":"https:\/\/szentistvan.dnyem.hu\/index.php?rest_route=%2Fwp%2Fv2%2Fcategories&post=2284"},{"taxonomy":"post_tag","embeddable":true,"href":"https:\/\/szentistvan.dnyem.hu\/index.php?rest_route=%2Fwp%2Fv2%2Ftags&post=2284"}],"curies":[{"name":"wp","href":"https:\/\/api.w.org\/{rel}","templated":true}]}}