{"id":2270,"date":"2018-08-27T12:05:53","date_gmt":"2018-08-27T10:05:53","guid":{"rendered":"http:\/\/szentistvan.dnyem.hu\/?p=2270"},"modified":"2018-09-03T11:01:11","modified_gmt":"2018-09-03T09:01:11","slug":"veni-sancte-3","status":"publish","type":"post","link":"https:\/\/szentistvan.dnyem.hu\/?p=2270","title":{"rendered":"Veni Sancte"},"content":{"rendered":"<p><strong>Szeptember 9-\u00e9n, vas\u00e1rnap Veni Sanct\u00e9t (Szentl\u00e9lek-h\u00edv\u00f3 szentmis\u00e9t) tartunk.<\/strong><\/p>\n<p><strong>Meg\u00e1ldjuk a gyermekeket \u00e9s az iskolat\u00e1sk\u00e1kat is, tanszereik egy r\u00e9sz\u00e9vel.<\/strong><\/p>\n<p><strong>H\u00edvom \u00e9s v\u00e1rom \u0151ket szeretettel.<\/strong><\/p>\n","protected":false},"excerpt":{"rendered":"<p>Szeptember 9-\u00e9n, vas\u00e1rnap Veni Sanct\u00e9t (Szentl\u00e9lek-h\u00edv\u00f3 szentmis\u00e9t) tartunk. Meg\u00e1ldjuk a gyermekeket \u00e9s az iskolat\u00e1sk\u00e1kat is, tanszereik egy r\u00e9sz\u00e9vel. H\u00edvom \u00e9s v\u00e1rom \u0151ket szeretettel.<\/p>\n","protected":false},"author":2,"featured_media":0,"comment_status":"closed","ping_status":"open","sticky":false,"template":"","format":"standard","meta":[],"categories":[9,2],"tags":[],"_links":{"self":[{"href":"https:\/\/szentistvan.dnyem.hu\/index.php?rest_route=\/wp\/v2\/posts\/2270"}],"collection":[{"href":"https:\/\/szentistvan.dnyem.hu\/index.php?rest_route=\/wp\/v2\/posts"}],"about":[{"href":"https:\/\/szentistvan.dnyem.hu\/index.php?rest_route=\/wp\/v2\/types\/post"}],"author":[{"embeddable":true,"href":"https:\/\/szentistvan.dnyem.hu\/index.php?rest_route=\/wp\/v2\/users\/2"}],"replies":[{"embeddable":true,"href":"https:\/\/szentistvan.dnyem.hu\/index.php?rest_route=%2Fwp%2Fv2%2Fcomments&post=2270"}],"version-history":[{"count":2,"href":"https:\/\/szentistvan.dnyem.hu\/index.php?rest_route=\/wp\/v2\/posts\/2270\/revisions"}],"predecessor-version":[{"id":2278,"href":"https:\/\/szentistvan.dnyem.hu\/index.php?rest_route=\/wp\/v2\/posts\/2270\/revisions\/2278"}],"wp:attachment":[{"href":"https:\/\/szentistvan.dnyem.hu\/index.php?rest_route=%2Fwp%2Fv2%2Fmedia&parent=2270"}],"wp:term":[{"taxonomy":"category","embeddable":true,"href":"https:\/\/szentistvan.dnyem.hu\/index.php?rest_route=%2Fwp%2Fv2%2Fcategories&post=2270"},{"taxonomy":"post_tag","embeddable":true,"href":"https:\/\/szentistvan.dnyem.hu\/index.php?rest_route=%2Fwp%2Fv2%2Ftags&post=2270"}],"curies":[{"name":"wp","href":"https:\/\/api.w.org\/{rel}","templated":true}]}}