{"id":2268,"date":"2018-08-27T12:03:33","date_gmt":"2018-08-27T10:03:33","guid":{"rendered":"http:\/\/szentistvan.dnyem.hu\/?p=2268"},"modified":"2018-08-27T12:03:33","modified_gmt":"2018-08-27T10:03:33","slug":"koszonet-8","status":"publish","type":"post","link":"https:\/\/szentistvan.dnyem.hu\/?p=2268","title":{"rendered":"K\u00f6sz\u00f6net"},"content":{"rendered":"<p><strong>H\u00e1l\u00e1san k\u00f6sz\u00f6n\u00f6m a kedves testv\u00e9rek seg\u00edts\u00e9g\u00e9t a templomb\u00facs\u00fa \u00fcnnep\u00e9nek megval\u00f3s\u00edt\u00e1s\u00e1ban, \u00e9s k\u00f6sz\u00f6n\u00f6m a finom s\u00fctem\u00e9nyeket is, amelyekkel hozz\u00e1j\u00e1rultak az \u00fcnnep szebb\u00e9 t\u00e9tel\u00e9hez.<\/strong><\/p>\n<p><strong>Isten fizesse meg mindenki f\u00e1radoz\u00e1s\u00e1t!<\/strong><\/p>\n","protected":false},"excerpt":{"rendered":"<p>H\u00e1l\u00e1san k\u00f6sz\u00f6n\u00f6m a kedves testv\u00e9rek seg\u00edts\u00e9g\u00e9t a templomb\u00facs\u00fa \u00fcnnep\u00e9nek megval\u00f3s\u00edt\u00e1s\u00e1ban, \u00e9s k\u00f6sz\u00f6n\u00f6m a finom s\u00fctem\u00e9nyeket is, amelyekkel hozz\u00e1j\u00e1rultak az \u00fcnnep szebb\u00e9 t\u00e9tel\u00e9hez. Isten fizesse meg&#8230;<\/p>\n","protected":false},"author":2,"featured_media":0,"comment_status":"closed","ping_status":"open","sticky":false,"template":"","format":"standard","meta":[],"categories":[1],"tags":[],"_links":{"self":[{"href":"https:\/\/szentistvan.dnyem.hu\/index.php?rest_route=\/wp\/v2\/posts\/2268"}],"collection":[{"href":"https:\/\/szentistvan.dnyem.hu\/index.php?rest_route=\/wp\/v2\/posts"}],"about":[{"href":"https:\/\/szentistvan.dnyem.hu\/index.php?rest_route=\/wp\/v2\/types\/post"}],"author":[{"embeddable":true,"href":"https:\/\/szentistvan.dnyem.hu\/index.php?rest_route=\/wp\/v2\/users\/2"}],"replies":[{"embeddable":true,"href":"https:\/\/szentistvan.dnyem.hu\/index.php?rest_route=%2Fwp%2Fv2%2Fcomments&post=2268"}],"version-history":[{"count":1,"href":"https:\/\/szentistvan.dnyem.hu\/index.php?rest_route=\/wp\/v2\/posts\/2268\/revisions"}],"predecessor-version":[{"id":2269,"href":"https:\/\/szentistvan.dnyem.hu\/index.php?rest_route=\/wp\/v2\/posts\/2268\/revisions\/2269"}],"wp:attachment":[{"href":"https:\/\/szentistvan.dnyem.hu\/index.php?rest_route=%2Fwp%2Fv2%2Fmedia&parent=2268"}],"wp:term":[{"taxonomy":"category","embeddable":true,"href":"https:\/\/szentistvan.dnyem.hu\/index.php?rest_route=%2Fwp%2Fv2%2Fcategories&post=2268"},{"taxonomy":"post_tag","embeddable":true,"href":"https:\/\/szentistvan.dnyem.hu\/index.php?rest_route=%2Fwp%2Fv2%2Ftags&post=2268"}],"curies":[{"name":"wp","href":"https:\/\/api.w.org\/{rel}","templated":true}]}}