{"id":2262,"date":"2018-08-19T13:37:17","date_gmt":"2018-08-19T11:37:17","guid":{"rendered":"http:\/\/szentistvan.dnyem.hu\/?p=2262"},"modified":"2018-09-03T11:00:39","modified_gmt":"2018-09-03T09:00:39","slug":"tanszerek-gyujtese","status":"publish","type":"post","link":"https:\/\/szentistvan.dnyem.hu\/?p=2262","title":{"rendered":"Tanszerek gy\u0171jt\u00e9se"},"content":{"rendered":"<p><strong>J\u00f3 \u00e1llapotban l\u00e9v\u0151 haszn\u00e1lt vagy \u00faj tanszerek gy\u0171jt\u00e9s\u00e9t kezdj\u00fck el az \u00faj tan\u00e9vre. A tanszerek mellett p\u00e9nzbeli hozz\u00e1j\u00e1rul\u00e1st is szeretettel fogadunk a kedves testv\u00e9rekt\u0151l.<\/strong><\/p>\n<p><strong>A gy\u0171jt\u00e9sre szolg\u00e1l\u00f3 persely megtal\u00e1lhat\u00f3 a templom f\u0151bej\u00e1rat\u00e1n\u00e1l l\u00e9v\u0151 asztalon. A tanszerek leadhat\u00f3k a szentmis\u00e9k el\u0151tt \u00e9s ut\u00e1n a sekresty\u00e9ben. <\/strong><\/p>\n<p><strong>Az adom\u00e1nyok nagy seg\u00edts\u00e9get jelentenek, \u00e9s enyh\u00edtik azon sz\u00fcl\u0151k gondjait, akiknek valamilyen ok miatt neh\u00e9z a tan\u00e9vkezd\u00e9s.<\/strong><\/p>\n<p>H\u00e1l\u00e1san k\u00f6sz\u00f6nj\u00fck az eddig be\u00e9rkezett adom\u00e1nyokat is.<\/p>\n","protected":false},"excerpt":{"rendered":"<p>J\u00f3 \u00e1llapotban l\u00e9v\u0151 haszn\u00e1lt vagy \u00faj tanszerek gy\u0171jt\u00e9s\u00e9t kezdj\u00fck el az \u00faj tan\u00e9vre. A tanszerek mellett p\u00e9nzbeli hozz\u00e1j\u00e1rul\u00e1st is szeretettel fogadunk a kedves testv\u00e9rekt\u0151l. A&#8230;<\/p>\n","protected":false},"author":2,"featured_media":0,"comment_status":"closed","ping_status":"open","sticky":false,"template":"","format":"standard","meta":[],"categories":[1,7],"tags":[],"_links":{"self":[{"href":"https:\/\/szentistvan.dnyem.hu\/index.php?rest_route=\/wp\/v2\/posts\/2262"}],"collection":[{"href":"https:\/\/szentistvan.dnyem.hu\/index.php?rest_route=\/wp\/v2\/posts"}],"about":[{"href":"https:\/\/szentistvan.dnyem.hu\/index.php?rest_route=\/wp\/v2\/types\/post"}],"author":[{"embeddable":true,"href":"https:\/\/szentistvan.dnyem.hu\/index.php?rest_route=\/wp\/v2\/users\/2"}],"replies":[{"embeddable":true,"href":"https:\/\/szentistvan.dnyem.hu\/index.php?rest_route=%2Fwp%2Fv2%2Fcomments&post=2262"}],"version-history":[{"count":2,"href":"https:\/\/szentistvan.dnyem.hu\/index.php?rest_route=\/wp\/v2\/posts\/2262\/revisions"}],"predecessor-version":[{"id":2277,"href":"https:\/\/szentistvan.dnyem.hu\/index.php?rest_route=\/wp\/v2\/posts\/2262\/revisions\/2277"}],"wp:attachment":[{"href":"https:\/\/szentistvan.dnyem.hu\/index.php?rest_route=%2Fwp%2Fv2%2Fmedia&parent=2262"}],"wp:term":[{"taxonomy":"category","embeddable":true,"href":"https:\/\/szentistvan.dnyem.hu\/index.php?rest_route=%2Fwp%2Fv2%2Fcategories&post=2262"},{"taxonomy":"post_tag","embeddable":true,"href":"https:\/\/szentistvan.dnyem.hu\/index.php?rest_route=%2Fwp%2Fv2%2Ftags&post=2262"}],"curies":[{"name":"wp","href":"https:\/\/api.w.org\/{rel}","templated":true}]}}