{"id":2255,"date":"2018-08-12T11:52:03","date_gmt":"2018-08-12T09:52:03","guid":{"rendered":"http:\/\/szentistvan.dnyem.hu\/?p=2255"},"modified":"2018-08-12T11:52:03","modified_gmt":"2018-08-12T09:52:03","slug":"valtozas-a-szentmisek-rendjeben","status":"publish","type":"post","link":"https:\/\/szentistvan.dnyem.hu\/?p=2255","title":{"rendered":"V\u00e1ltoz\u00e1s a szentmis\u00e9k rendj\u00e9ben"},"content":{"rendered":"<p><strong>Templomunkban augusztus 13-\u00e1n (h\u00e9tf\u0151n) \u00e9s 17-\u00e9n (p\u00e9nteken) nem lesz szentmise.<\/strong><\/p>\n","protected":false},"excerpt":{"rendered":"<p>Templomunkban augusztus 13-\u00e1n (h\u00e9tf\u0151n) \u00e9s 17-\u00e9n (p\u00e9nteken) nem lesz szentmise.<\/p>\n","protected":false},"author":2,"featured_media":0,"comment_status":"closed","ping_status":"open","sticky":false,"template":"","format":"standard","meta":[],"categories":[9,2],"tags":[],"_links":{"self":[{"href":"https:\/\/szentistvan.dnyem.hu\/index.php?rest_route=\/wp\/v2\/posts\/2255"}],"collection":[{"href":"https:\/\/szentistvan.dnyem.hu\/index.php?rest_route=\/wp\/v2\/posts"}],"about":[{"href":"https:\/\/szentistvan.dnyem.hu\/index.php?rest_route=\/wp\/v2\/types\/post"}],"author":[{"embeddable":true,"href":"https:\/\/szentistvan.dnyem.hu\/index.php?rest_route=\/wp\/v2\/users\/2"}],"replies":[{"embeddable":true,"href":"https:\/\/szentistvan.dnyem.hu\/index.php?rest_route=%2Fwp%2Fv2%2Fcomments&post=2255"}],"version-history":[{"count":1,"href":"https:\/\/szentistvan.dnyem.hu\/index.php?rest_route=\/wp\/v2\/posts\/2255\/revisions"}],"predecessor-version":[{"id":2256,"href":"https:\/\/szentistvan.dnyem.hu\/index.php?rest_route=\/wp\/v2\/posts\/2255\/revisions\/2256"}],"wp:attachment":[{"href":"https:\/\/szentistvan.dnyem.hu\/index.php?rest_route=%2Fwp%2Fv2%2Fmedia&parent=2255"}],"wp:term":[{"taxonomy":"category","embeddable":true,"href":"https:\/\/szentistvan.dnyem.hu\/index.php?rest_route=%2Fwp%2Fv2%2Fcategories&post=2255"},{"taxonomy":"post_tag","embeddable":true,"href":"https:\/\/szentistvan.dnyem.hu\/index.php?rest_route=%2Fwp%2Fv2%2Ftags&post=2255"}],"curies":[{"name":"wp","href":"https:\/\/api.w.org\/{rel}","templated":true}]}}