{"id":2253,"date":"2018-08-12T11:50:07","date_gmt":"2018-08-12T09:50:07","guid":{"rendered":"http:\/\/szentistvan.dnyem.hu\/?p=2253"},"modified":"2018-08-19T13:32:02","modified_gmt":"2018-08-19T11:32:02","slug":"orgonafelujitas-elkezdese","status":"publish","type":"post","link":"https:\/\/szentistvan.dnyem.hu\/?p=2253","title":{"rendered":"Orgonafel\u00faj\u00edt\u00e1s elkezd\u00e9se"},"content":{"rendered":"<p>Az orgonafel\u00faj\u00edt\u00e1si munk\u00e1latok kezd\u0151 l\u00e9p\u00e9se <strong>a sz\u00fa irt\u00e1sa a k\u00f3ruson<\/strong>. <strong>Mivel ez egy vesz\u00e9lyes m\u0171velet, ez\u00e9rt a templomot erre az id\u0151szakra bez\u00e1rjuk,<\/strong> \u00e9s csak a szakember enged\u00e9lye ut\u00e1n lehet majd haszn\u00e1lni.<\/p>\n<p><strong>A sz\u00fairt\u00e1s augusztus 21-t\u0151l 25-ig (keddt\u0151l szombatig) tart majd, ez\u00e9rt ebben az id\u0151szakban nem lesz templomunkban szentmise, \u00e9s augusztus 23-\u00e1n, cs\u00fct\u00f6rt\u00f6k\u00f6n a szents\u00e9gim\u00e1d\u00e1s is elmarad.<\/strong><\/p>\n<p>K\u00e9rem a kedves testv\u00e9rek meg\u00e9rt\u00e9s\u00e9t!<\/p>\n","protected":false},"excerpt":{"rendered":"<p>Az orgonafel\u00faj\u00edt\u00e1si munk\u00e1latok kezd\u0151 l\u00e9p\u00e9se a sz\u00fa irt\u00e1sa a k\u00f3ruson. Mivel ez egy vesz\u00e9lyes m\u0171velet, ez\u00e9rt a templomot erre az id\u0151szakra bez\u00e1rjuk, \u00e9s csak a&#8230;<\/p>\n","protected":false},"author":2,"featured_media":0,"comment_status":"closed","ping_status":"open","sticky":false,"template":"","format":"standard","meta":[],"categories":[1,2],"tags":[],"_links":{"self":[{"href":"https:\/\/szentistvan.dnyem.hu\/index.php?rest_route=\/wp\/v2\/posts\/2253"}],"collection":[{"href":"https:\/\/szentistvan.dnyem.hu\/index.php?rest_route=\/wp\/v2\/posts"}],"about":[{"href":"https:\/\/szentistvan.dnyem.hu\/index.php?rest_route=\/wp\/v2\/types\/post"}],"author":[{"embeddable":true,"href":"https:\/\/szentistvan.dnyem.hu\/index.php?rest_route=\/wp\/v2\/users\/2"}],"replies":[{"embeddable":true,"href":"https:\/\/szentistvan.dnyem.hu\/index.php?rest_route=%2Fwp%2Fv2%2Fcomments&post=2253"}],"version-history":[{"count":3,"href":"https:\/\/szentistvan.dnyem.hu\/index.php?rest_route=\/wp\/v2\/posts\/2253\/revisions"}],"predecessor-version":[{"id":2261,"href":"https:\/\/szentistvan.dnyem.hu\/index.php?rest_route=\/wp\/v2\/posts\/2253\/revisions\/2261"}],"wp:attachment":[{"href":"https:\/\/szentistvan.dnyem.hu\/index.php?rest_route=%2Fwp%2Fv2%2Fmedia&parent=2253"}],"wp:term":[{"taxonomy":"category","embeddable":true,"href":"https:\/\/szentistvan.dnyem.hu\/index.php?rest_route=%2Fwp%2Fv2%2Fcategories&post=2253"},{"taxonomy":"post_tag","embeddable":true,"href":"https:\/\/szentistvan.dnyem.hu\/index.php?rest_route=%2Fwp%2Fv2%2Ftags&post=2253"}],"curies":[{"name":"wp","href":"https:\/\/api.w.org\/{rel}","templated":true}]}}