{"id":2228,"date":"2018-07-22T16:48:41","date_gmt":"2018-07-22T14:48:41","guid":{"rendered":"http:\/\/szentistvan.dnyem.hu\/?p=2228"},"modified":"2018-07-22T16:48:41","modified_gmt":"2018-07-22T14:48:41","slug":"szent-anna-szekesegyhaz-templombucsuja","status":"publish","type":"post","link":"https:\/\/szentistvan.dnyem.hu\/?p=2228","title":{"rendered":"Szent Anna Sz\u00e9kesegyh\u00e1z templomb\u00facs\u00faja"},"content":{"rendered":"<p><strong>J\u00falius 26-\u00e1n, cs\u00fct\u00f6rt\u00f6k\u00f6n este lesz<\/strong> a Szent Anna Sz\u00e9kesegyh\u00e1z templomb\u00facs\u00faja.<\/p>\n<p>Szeretettel h\u00edvnak \u00e9s v\u00e1rnak benn\u00fcnket!<\/p>\n","protected":false},"excerpt":{"rendered":"<p>J\u00falius 26-\u00e1n, cs\u00fct\u00f6rt\u00f6k\u00f6n este lesz a Szent Anna Sz\u00e9kesegyh\u00e1z templomb\u00facs\u00faja. Szeretettel h\u00edvnak \u00e9s v\u00e1rnak benn\u00fcnket!<\/p>\n","protected":false},"author":2,"featured_media":0,"comment_status":"closed","ping_status":"open","sticky":false,"template":"","format":"standard","meta":[],"categories":[9,2],"tags":[],"_links":{"self":[{"href":"https:\/\/szentistvan.dnyem.hu\/index.php?rest_route=\/wp\/v2\/posts\/2228"}],"collection":[{"href":"https:\/\/szentistvan.dnyem.hu\/index.php?rest_route=\/wp\/v2\/posts"}],"about":[{"href":"https:\/\/szentistvan.dnyem.hu\/index.php?rest_route=\/wp\/v2\/types\/post"}],"author":[{"embeddable":true,"href":"https:\/\/szentistvan.dnyem.hu\/index.php?rest_route=\/wp\/v2\/users\/2"}],"replies":[{"embeddable":true,"href":"https:\/\/szentistvan.dnyem.hu\/index.php?rest_route=%2Fwp%2Fv2%2Fcomments&post=2228"}],"version-history":[{"count":1,"href":"https:\/\/szentistvan.dnyem.hu\/index.php?rest_route=\/wp\/v2\/posts\/2228\/revisions"}],"predecessor-version":[{"id":2229,"href":"https:\/\/szentistvan.dnyem.hu\/index.php?rest_route=\/wp\/v2\/posts\/2228\/revisions\/2229"}],"wp:attachment":[{"href":"https:\/\/szentistvan.dnyem.hu\/index.php?rest_route=%2Fwp%2Fv2%2Fmedia&parent=2228"}],"wp:term":[{"taxonomy":"category","embeddable":true,"href":"https:\/\/szentistvan.dnyem.hu\/index.php?rest_route=%2Fwp%2Fv2%2Fcategories&post=2228"},{"taxonomy":"post_tag","embeddable":true,"href":"https:\/\/szentistvan.dnyem.hu\/index.php?rest_route=%2Fwp%2Fv2%2Ftags&post=2228"}],"curies":[{"name":"wp","href":"https:\/\/api.w.org\/{rel}","templated":true}]}}