{"id":2214,"date":"2018-07-08T19:32:14","date_gmt":"2018-07-08T17:32:14","guid":{"rendered":"http:\/\/szentistvan.dnyem.hu\/?p=2214"},"modified":"2018-07-08T19:32:14","modified_gmt":"2018-07-08T17:32:14","slug":"csiksomlyo-2018-majus-17-20","status":"publish","type":"post","link":"https:\/\/szentistvan.dnyem.hu\/?p=2214","title":{"rendered":"Cs\u00edksomly\u00f3, 2018. m\u00e1jus 17-20."},"content":{"rendered":"<p>2018. m\u00e1jus\u00e1ban r\u00e9szt vehett\u00fcnk n\u00e9gyen unokates\u00f3k a cs\u00edksomly\u00f3i zar\u00e1ndok\u00faton.<\/p>\n<p>V\u00e1ratlanul \u00e9rt minket a lehet\u0151s\u00e9g. Az egyh\u00e1zk\u00f6zs\u00e9g\u00fcnkben k\u00e9rdezt\u00e9k meg t\u0151l\u00fcnk, hogy van-e kedv\u00fcnk elmenni. Egyik\u00fcnk sem volt m\u00e9g zar\u00e1ndoklaton, \u00edgy \u00fagy gondoltuk mi\u00e9rt nem menj\u00fcnk el.<\/p>\n<p><strong>A <a href=\"https:\/\/www.zarandokvonat.hu\/ut.php?ut=312\">Boldogasszony zar\u00e1ndokvonattal<\/a> indultunk el<\/strong> kora reggel. 12 \u00f3r\u00e1t utaztunk. A hossz\u00fa \u00fat alatt git\u00e1roztunk, \u00e9nekelt\u00fcnk, \u00faj bar\u00e1tokra tehett\u00fcnk szert. A t\u00e1j gy\u00f6ny\u00f6r\u0171 volt.<\/p>\n<p><strong>Sok v\u00e1rosban k\u00f6sz\u00f6nt\u00f6ttek minket<\/strong>, \u00e9tellel \u00e9s j\u00f3 sz\u00f3val fogadtak. <strong>Kolozsv\u00e1ron<\/strong> n\u00e9pviseletbe \u00f6lt\u00f6zve kalotaszegi t\u00e1ncokat t\u00e1ncoltak a fiatalok. <strong>Marosv\u00e1s\u00e1rhelyen<\/strong> is t\u00f6bb sz\u00e1zan v\u00e1rtak r\u00e1nk. Szem nem maradt sz\u00e1razon. Hihetetlen\u00fcl nagy szeretettel fordultak fel\u00e9nk, \u00e9s orsz\u00e1gunk fel\u00e9. Ott siker\u00fclt \u00e1t\u00e9rezn\u00fcnk milyen rossz lehet nem a saj\u00e1t orsz\u00e1godban \u00e9lni. K\u00e9s\u0151 este <strong>Gyergy\u00f3szentmikl\u00f3sra<\/strong> \u00e9rkezt\u00fcnk. M\u00e1sf\u00e9l \u00f3r\u00e1s k\u00e9s\u00e9s\u00fcnk ellen\u00e9re is sz\u00e1zak sokas\u00e1ga v\u00e1rt minket az \u00e1llom\u00e1son zenekarral k\u00f6sz\u00f6ntve. A sz\u00e1ll\u00e1sunk itt volt a Salamon Ern\u0151 Koll\u00e9giumban.<\/p>\n<p><strong>P\u00e9nteken reggel elindultunk Cs\u00edkszered\u00e1ra<\/strong>, ugyanis Gyergy\u00f3szentmikl\u00f3sr\u00f3l egy \u00f3ra vonat\u00fatra volt. <strong>A kereszt\u00fatra ment\u00fcnk a cs\u00edksomly\u00f3i domboldalon. Nagy meglepet\u00e9s\u00fcnkre egy 92 \u00e9ves b\u00e1csi is felj\u00f6tt a k\u00f6ves \u00e9s meredek dombon.<\/strong> Elcsendesedt\u00fcnk, \u00e9rezt\u00fck, hogy Isten mennyire szeret benn\u00fcnket. Ezut\u00e1n szabad programot kaptunk, n\u00e9zel\u0151dt\u00fcnk, a cs\u00edkszeredai templomba is bement\u00fcnk. Sz\u00e1munkra ekkor der\u00fclt ki, hogy Cs\u00edksomly\u00f3 Cs\u00edkszereda v\u00e1ros\u00e1hoz tartozik. Est\u00e9re visszament\u00fcnk a sz\u00e1ll\u00e1sra, vacsor\u00e1ztunk, elcsendesedt\u00fcnk.<\/p>\n<p><strong>Szombaton hajnalban kelt\u00fcnk, \u00e1tutaztunk Cs\u00edkszered\u00e1ra, ahol a vas\u00fat\u00e1llom\u00e1st\u00f3l zar\u00e1ndokoltunk a Cs\u00edksomly\u00f3i domboldalra.<\/strong> Nyolc \u00f3ra k\u00f6r\u00fcl indultunk, f\u00e9l tizenegy ut\u00e1n \u00e9rt\u00fcnk oda. B\u00e1mulatos volt l\u00e1tni a rengeteg sok embert, akik \u00f6sszegy\u0171lnek az\u00e9rt, hogy egy\u00fctt lehess\u00fcnk. Az anyaorsz\u00e1g ir\u00e1nti szeretet \u00e9s megbecs\u00fcl\u00e9s sokkal fontosabb sz\u00e1mukra, mint az anyaorsz\u00e1gban \u00e9l\u0151 magyarok sz\u00e1m\u00e1ra. T\u00f6bb t\u00edzezren gy\u0171lnek \u00f6ssze erre az esem\u00e9nyre minden \u00e9vben. <strong>A 451. B\u00facs\u00fa jelmondata: \u201cLegyen nekem a Te ig\u00e9d szerint\u201d.<\/strong> Mariann Adam szerzetes nagyon sz\u00e9p besz\u00e9det mondott a szentmise alatt. A szertart\u00e1s v\u00e9g\u00e9n eleredt az es\u0151, de en\u00e9lk\u00fcl nem lett volna teljes a nap. Ezut\u00e1n szabadon les\u00e9t\u00e1lhattunk a vas\u00fat\u00e1llom\u00e1sra, ekkor m\u00e1r nagyon el voltunk f\u00e1radva. A vonat visszaindult, este m\u00e9g besz\u00e9lgett\u00fcnk, git\u00e1roztunk egy kicsit.<\/p>\n<p><strong>M\u00e1snap reggel 8 \u00f3rakor Gyergy\u00f3szentmikl\u00f3son r\u00e9szt vett\u00fcnk egy mis\u00e9n<\/strong>, majd 11 \u00f3rakor indult haza a vonatunk. A vissza\u00fat r\u00f6videbb volt, szint\u00e9n lehet\u0151s\u00e9g\u00fcnk volt im\u00e1dkoz\u00e1sra, elcsendesed\u00e9sre, a bar\u00e1ts\u00e1gok meger\u0151s\u00edt\u00e9s\u00e9re.<\/p>\n<p><strong>Csak h\u00e1l\u00e1sak lehet\u00fcnk az Istennek, hogy egy ekkora aj\u00e1nd\u00e9kot kaphattunk az \u00e9lett\u0151l, hogy eljuthattunk erre a fantasztikus helyre. V\u00e9lem\u00e9ny\u00fcnk szerint minden magyarnak \u00e9rdemes legal\u00e1bb egyszer elmennie erre az \u00fatra.<\/strong> K\u00edv\u00e1nom, hogy mindenki tapasztalja meg ezt a csod\u00e1latos \u00e9lm\u00e9nyt, \u00e9s \u00e9rezhesse, hogy Isten mennyire odaad\u00f3an szeret benn\u00fcnket! Kitart\u00e1s!<\/p>\n<p>Baji Eszter<br \/>\nBaji Gergely<br \/>\nGyarmati Andrea<br \/>\nTak\u00e1cs Hunor<\/p>\n<p><img loading=\"lazy\" class=\"alignnone size-large wp-image-2215\" src=\"http:\/\/szentistvan.dnyem.hu\/wp-content\/uploads\/2018\/07\/csiksomlyo_2018_1-1024x768.jpg\" alt=\"\" width=\"1024\" height=\"768\" srcset=\"https:\/\/szentistvan.dnyem.hu\/wp-content\/uploads\/2018\/07\/csiksomlyo_2018_1.jpg 1024w, https:\/\/szentistvan.dnyem.hu\/wp-content\/uploads\/2018\/07\/csiksomlyo_2018_1-540x405.jpg 540w, https:\/\/szentistvan.dnyem.hu\/wp-content\/uploads\/2018\/07\/csiksomlyo_2018_1-768x576.jpg 768w\" sizes=\"(max-width: 1024px) 100vw, 1024px\" \/> <img loading=\"lazy\" class=\"alignnone size-large wp-image-2216\" src=\"http:\/\/szentistvan.dnyem.hu\/wp-content\/uploads\/2018\/07\/csiksomlyo_2018_2-1024x768.jpg\" alt=\"\" width=\"1024\" height=\"768\" srcset=\"https:\/\/szentistvan.dnyem.hu\/wp-content\/uploads\/2018\/07\/csiksomlyo_2018_2.jpg 1024w, https:\/\/szentistvan.dnyem.hu\/wp-content\/uploads\/2018\/07\/csiksomlyo_2018_2-540x405.jpg 540w, https:\/\/szentistvan.dnyem.hu\/wp-content\/uploads\/2018\/07\/csiksomlyo_2018_2-768x576.jpg 768w\" sizes=\"(max-width: 1024px) 100vw, 1024px\" \/> <img loading=\"lazy\" class=\"alignnone size-large wp-image-2217\" src=\"http:\/\/szentistvan.dnyem.hu\/wp-content\/uploads\/2018\/07\/csiksomlyo_2018_3-1024x768.jpg\" alt=\"\" width=\"1024\" height=\"768\" srcset=\"https:\/\/szentistvan.dnyem.hu\/wp-content\/uploads\/2018\/07\/csiksomlyo_2018_3.jpg 1024w, https:\/\/szentistvan.dnyem.hu\/wp-content\/uploads\/2018\/07\/csiksomlyo_2018_3-540x405.jpg 540w, https:\/\/szentistvan.dnyem.hu\/wp-content\/uploads\/2018\/07\/csiksomlyo_2018_3-768x576.jpg 768w\" sizes=\"(max-width: 1024px) 100vw, 1024px\" \/> <img loading=\"lazy\" class=\"alignnone size-large wp-image-2218\" src=\"http:\/\/szentistvan.dnyem.hu\/wp-content\/uploads\/2018\/07\/csiksomlyo_2018_4-1024x768.jpg\" alt=\"\" width=\"1024\" height=\"768\" srcset=\"https:\/\/szentistvan.dnyem.hu\/wp-content\/uploads\/2018\/07\/csiksomlyo_2018_4.jpg 1024w, https:\/\/szentistvan.dnyem.hu\/wp-content\/uploads\/2018\/07\/csiksomlyo_2018_4-540x405.jpg 540w, https:\/\/szentistvan.dnyem.hu\/wp-content\/uploads\/2018\/07\/csiksomlyo_2018_4-768x576.jpg 768w\" sizes=\"(max-width: 1024px) 100vw, 1024px\" \/> <img loading=\"lazy\" class=\"alignnone size-large wp-image-2219\" src=\"http:\/\/szentistvan.dnyem.hu\/wp-content\/uploads\/2018\/07\/csiksomlyo_2018_5-1024x768.jpg\" alt=\"\" width=\"1024\" height=\"768\" srcset=\"https:\/\/szentistvan.dnyem.hu\/wp-content\/uploads\/2018\/07\/csiksomlyo_2018_5.jpg 1024w, https:\/\/szentistvan.dnyem.hu\/wp-content\/uploads\/2018\/07\/csiksomlyo_2018_5-540x405.jpg 540w, https:\/\/szentistvan.dnyem.hu\/wp-content\/uploads\/2018\/07\/csiksomlyo_2018_5-768x576.jpg 768w\" sizes=\"(max-width: 1024px) 100vw, 1024px\" \/> <img loading=\"lazy\" class=\"alignnone size-large wp-image-2220\" src=\"http:\/\/szentistvan.dnyem.hu\/wp-content\/uploads\/2018\/07\/csiksomlyo_2018_6-1024x768.jpg\" alt=\"\" width=\"1024\" height=\"768\" srcset=\"https:\/\/szentistvan.dnyem.hu\/wp-content\/uploads\/2018\/07\/csiksomlyo_2018_6.jpg 1024w, https:\/\/szentistvan.dnyem.hu\/wp-content\/uploads\/2018\/07\/csiksomlyo_2018_6-540x405.jpg 540w, https:\/\/szentistvan.dnyem.hu\/wp-content\/uploads\/2018\/07\/csiksomlyo_2018_6-768x576.jpg 768w\" sizes=\"(max-width: 1024px) 100vw, 1024px\" \/><\/p>\n","protected":false},"excerpt":{"rendered":"<p>2018. m\u00e1jus\u00e1ban r\u00e9szt vehett\u00fcnk n\u00e9gyen unokates\u00f3k a cs\u00edksomly\u00f3i zar\u00e1ndok\u00faton. V\u00e1ratlanul \u00e9rt minket a lehet\u0151s\u00e9g. Az egyh\u00e1zk\u00f6zs\u00e9g\u00fcnkben k\u00e9rdezt\u00e9k meg t\u0151l\u00fcnk, hogy van-e kedv\u00fcnk elmenni. Egyik\u00fcnk sem&#8230;<\/p>\n","protected":false},"author":2,"featured_media":0,"comment_status":"closed","ping_status":"open","sticky":false,"template":"","format":"standard","meta":[],"categories":[5,8,9],"tags":[],"_links":{"self":[{"href":"https:\/\/szentistvan.dnyem.hu\/index.php?rest_route=\/wp\/v2\/posts\/2214"}],"collection":[{"href":"https:\/\/szentistvan.dnyem.hu\/index.php?rest_route=\/wp\/v2\/posts"}],"about":[{"href":"https:\/\/szentistvan.dnyem.hu\/index.php?rest_route=\/wp\/v2\/types\/post"}],"author":[{"embeddable":true,"href":"https:\/\/szentistvan.dnyem.hu\/index.php?rest_route=\/wp\/v2\/users\/2"}],"replies":[{"embeddable":true,"href":"https:\/\/szentistvan.dnyem.hu\/index.php?rest_route=%2Fwp%2Fv2%2Fcomments&post=2214"}],"version-history":[{"count":1,"href":"https:\/\/szentistvan.dnyem.hu\/index.php?rest_route=\/wp\/v2\/posts\/2214\/revisions"}],"predecessor-version":[{"id":2221,"href":"https:\/\/szentistvan.dnyem.hu\/index.php?rest_route=\/wp\/v2\/posts\/2214\/revisions\/2221"}],"wp:attachment":[{"href":"https:\/\/szentistvan.dnyem.hu\/index.php?rest_route=%2Fwp%2Fv2%2Fmedia&parent=2214"}],"wp:term":[{"taxonomy":"category","embeddable":true,"href":"https:\/\/szentistvan.dnyem.hu\/index.php?rest_route=%2Fwp%2Fv2%2Fcategories&post=2214"},{"taxonomy":"post_tag","embeddable":true,"href":"https:\/\/szentistvan.dnyem.hu\/index.php?rest_route=%2Fwp%2Fv2%2Ftags&post=2214"}],"curies":[{"name":"wp","href":"https:\/\/api.w.org\/{rel}","templated":true}]}}