{"id":2210,"date":"2018-07-08T18:43:30","date_gmt":"2018-07-08T16:43:30","guid":{"rendered":"http:\/\/szentistvan.dnyem.hu\/?p=2210"},"modified":"2018-07-22T16:52:04","modified_gmt":"2018-07-22T14:52:04","slug":"zarandoklat-mariapocsra","status":"publish","type":"post","link":"https:\/\/szentistvan.dnyem.hu\/?p=2210","title":{"rendered":"Zar\u00e1ndoklat M\u00e1riap\u00f3csra"},"content":{"rendered":"<p><strong>A Debrecen-Ny\u00edregyh\u00e1zi Egyh\u00e1zmegye, j\u00falius utols\u00f3 vas\u00e1rnapj\u00e1n (29-\u00e9n) ism\u00e9t zar\u00e1ndoklatot szervez M\u00e1riap\u00f3csra. Az Egyh\u00e1zk\u00f6zs\u00e9gb\u0151l aut\u00f3buszt ind\u00edtunk. <\/strong><\/p>\n<p><strong>J\u00falius 29-\u00e9n, vas\u00e1rnap reggel 7:00-kor indul az aut\u00f3busz a Szenczi Moln\u00e1r Albert utc\u00e1r\u00f3l, az orvosi rendel\u0151 el\u0151l. <\/strong><\/p>\n<p><strong>A m\u00e1riap\u00f3csi zar\u00e1ndoklat k\u00f6lts\u00e9ge 2600 Ft. <\/strong><\/p>\n<p><strong>A szentmise a templomunkban este 18:00-kor fog kezd\u0151dni, el\u0151tte a megszokott m\u00f3don r\u00f3zsaf\u00fcz\u00e9r im\u00e1ds\u00e1g lesz. <\/strong><\/p>\n<p><strong>D\u00e9lel\u0151tt ezen a napon ez\u00e9rt nem lesz templomunkban szentmise<\/strong><\/p>\n","protected":false},"excerpt":{"rendered":"<p>A Debrecen-Ny\u00edregyh\u00e1zi Egyh\u00e1zmegye, j\u00falius utols\u00f3 vas\u00e1rnapj\u00e1n (29-\u00e9n) ism\u00e9t zar\u00e1ndoklatot szervez M\u00e1riap\u00f3csra. Az Egyh\u00e1zk\u00f6zs\u00e9gb\u0151l aut\u00f3buszt ind\u00edtunk. J\u00falius 29-\u00e9n, vas\u00e1rnap reggel 7:00-kor indul az aut\u00f3busz a Szenczi&#8230;<\/p>\n","protected":false},"author":2,"featured_media":0,"comment_status":"closed","ping_status":"open","sticky":false,"template":"","format":"standard","meta":[],"categories":[9,2],"tags":[],"_links":{"self":[{"href":"https:\/\/szentistvan.dnyem.hu\/index.php?rest_route=\/wp\/v2\/posts\/2210"}],"collection":[{"href":"https:\/\/szentistvan.dnyem.hu\/index.php?rest_route=\/wp\/v2\/posts"}],"about":[{"href":"https:\/\/szentistvan.dnyem.hu\/index.php?rest_route=\/wp\/v2\/types\/post"}],"author":[{"embeddable":true,"href":"https:\/\/szentistvan.dnyem.hu\/index.php?rest_route=\/wp\/v2\/users\/2"}],"replies":[{"embeddable":true,"href":"https:\/\/szentistvan.dnyem.hu\/index.php?rest_route=%2Fwp%2Fv2%2Fcomments&post=2210"}],"version-history":[{"count":3,"href":"https:\/\/szentistvan.dnyem.hu\/index.php?rest_route=\/wp\/v2\/posts\/2210\/revisions"}],"predecessor-version":[{"id":2231,"href":"https:\/\/szentistvan.dnyem.hu\/index.php?rest_route=\/wp\/v2\/posts\/2210\/revisions\/2231"}],"wp:attachment":[{"href":"https:\/\/szentistvan.dnyem.hu\/index.php?rest_route=%2Fwp%2Fv2%2Fmedia&parent=2210"}],"wp:term":[{"taxonomy":"category","embeddable":true,"href":"https:\/\/szentistvan.dnyem.hu\/index.php?rest_route=%2Fwp%2Fv2%2Fcategories&post=2210"},{"taxonomy":"post_tag","embeddable":true,"href":"https:\/\/szentistvan.dnyem.hu\/index.php?rest_route=%2Fwp%2Fv2%2Ftags&post=2210"}],"curies":[{"name":"wp","href":"https:\/\/api.w.org\/{rel}","templated":true}]}}