{"id":2169,"date":"2018-06-18T12:24:46","date_gmt":"2018-06-18T10:24:46","guid":{"rendered":"http:\/\/szentistvan.dnyem.hu\/?p=2169"},"modified":"2018-07-02T11:11:00","modified_gmt":"2018-07-02T09:11:00","slug":"peterfiller-gyujtes","status":"publish","type":"post","link":"https:\/\/szentistvan.dnyem.hu\/?p=2169","title":{"rendered":"P\u00e9terfill\u00e9r gy\u0171jt\u00e9s"},"content":{"rendered":"<p><strong>J\u00falius 1-j\u00e9n, vas\u00e1rnap a Szentsz\u00e9k jav\u00e1ra lesz gy\u0171jt\u00e9s<\/strong> (<a href=\"http:\/\/lexikon.katolikus.hu\/P\/p%C3%A9terfill%C3%A9r.html\">P\u00e9terfill\u00e9r<\/a> c\u00edmen).<\/p>\n","protected":false},"excerpt":{"rendered":"<p>J\u00falius 1-j\u00e9n, vas\u00e1rnap a Szentsz\u00e9k jav\u00e1ra lesz gy\u0171jt\u00e9s (P\u00e9terfill\u00e9r c\u00edmen).<\/p>\n","protected":false},"author":2,"featured_media":0,"comment_status":"closed","ping_status":"open","sticky":false,"template":"","format":"standard","meta":[],"categories":[2],"tags":[],"_links":{"self":[{"href":"https:\/\/szentistvan.dnyem.hu\/index.php?rest_route=\/wp\/v2\/posts\/2169"}],"collection":[{"href":"https:\/\/szentistvan.dnyem.hu\/index.php?rest_route=\/wp\/v2\/posts"}],"about":[{"href":"https:\/\/szentistvan.dnyem.hu\/index.php?rest_route=\/wp\/v2\/types\/post"}],"author":[{"embeddable":true,"href":"https:\/\/szentistvan.dnyem.hu\/index.php?rest_route=\/wp\/v2\/users\/2"}],"replies":[{"embeddable":true,"href":"https:\/\/szentistvan.dnyem.hu\/index.php?rest_route=%2Fwp%2Fv2%2Fcomments&post=2169"}],"version-history":[{"count":3,"href":"https:\/\/szentistvan.dnyem.hu\/index.php?rest_route=\/wp\/v2\/posts\/2169\/revisions"}],"predecessor-version":[{"id":2203,"href":"https:\/\/szentistvan.dnyem.hu\/index.php?rest_route=\/wp\/v2\/posts\/2169\/revisions\/2203"}],"wp:attachment":[{"href":"https:\/\/szentistvan.dnyem.hu\/index.php?rest_route=%2Fwp%2Fv2%2Fmedia&parent=2169"}],"wp:term":[{"taxonomy":"category","embeddable":true,"href":"https:\/\/szentistvan.dnyem.hu\/index.php?rest_route=%2Fwp%2Fv2%2Fcategories&post=2169"},{"taxonomy":"post_tag","embeddable":true,"href":"https:\/\/szentistvan.dnyem.hu\/index.php?rest_route=%2Fwp%2Fv2%2Ftags&post=2169"}],"curies":[{"name":"wp","href":"https:\/\/api.w.org\/{rel}","templated":true}]}}