{"id":2159,"date":"2018-06-09T17:57:57","date_gmt":"2018-06-09T15:57:57","guid":{"rendered":"http:\/\/szentistvan.dnyem.hu\/?p=2159"},"modified":"2018-06-09T17:57:57","modified_gmt":"2018-06-09T15:57:57","slug":"templombucsu-2","status":"publish","type":"post","link":"https:\/\/szentistvan.dnyem.hu\/?p=2159","title":{"rendered":"Templomb\u00facs\u00fa"},"content":{"rendered":"<p><strong>J\u00fanius 13-\u00e1n, szerd\u00e1n este 18:00-t\u00f3l lesz a Wolafka utcai k\u00e1polna b\u00facs\u00faja.<\/strong><\/p>\n<p>H\u00edvom \u00e9s v\u00e1rom a kedves testv\u00e9reket a k\u00f6z\u00f6s \u00fcnnepl\u00e9sre.<\/p>\n","protected":false},"excerpt":{"rendered":"<p>J\u00fanius 13-\u00e1n, szerd\u00e1n este 18:00-t\u00f3l lesz a Wolafka utcai k\u00e1polna b\u00facs\u00faja. H\u00edvom \u00e9s v\u00e1rom a kedves testv\u00e9reket a k\u00f6z\u00f6s \u00fcnnepl\u00e9sre.<\/p>\n","protected":false},"author":2,"featured_media":0,"comment_status":"closed","ping_status":"open","sticky":false,"template":"","format":"standard","meta":[],"categories":[1,9,2],"tags":[],"_links":{"self":[{"href":"https:\/\/szentistvan.dnyem.hu\/index.php?rest_route=\/wp\/v2\/posts\/2159"}],"collection":[{"href":"https:\/\/szentistvan.dnyem.hu\/index.php?rest_route=\/wp\/v2\/posts"}],"about":[{"href":"https:\/\/szentistvan.dnyem.hu\/index.php?rest_route=\/wp\/v2\/types\/post"}],"author":[{"embeddable":true,"href":"https:\/\/szentistvan.dnyem.hu\/index.php?rest_route=\/wp\/v2\/users\/2"}],"replies":[{"embeddable":true,"href":"https:\/\/szentistvan.dnyem.hu\/index.php?rest_route=%2Fwp%2Fv2%2Fcomments&post=2159"}],"version-history":[{"count":1,"href":"https:\/\/szentistvan.dnyem.hu\/index.php?rest_route=\/wp\/v2\/posts\/2159\/revisions"}],"predecessor-version":[{"id":2160,"href":"https:\/\/szentistvan.dnyem.hu\/index.php?rest_route=\/wp\/v2\/posts\/2159\/revisions\/2160"}],"wp:attachment":[{"href":"https:\/\/szentistvan.dnyem.hu\/index.php?rest_route=%2Fwp%2Fv2%2Fmedia&parent=2159"}],"wp:term":[{"taxonomy":"category","embeddable":true,"href":"https:\/\/szentistvan.dnyem.hu\/index.php?rest_route=%2Fwp%2Fv2%2Fcategories&post=2159"},{"taxonomy":"post_tag","embeddable":true,"href":"https:\/\/szentistvan.dnyem.hu\/index.php?rest_route=%2Fwp%2Fv2%2Ftags&post=2159"}],"curies":[{"name":"wp","href":"https:\/\/api.w.org\/{rel}","templated":true}]}}