{"id":2150,"date":"2018-05-27T16:33:26","date_gmt":"2018-05-27T14:33:26","guid":{"rendered":"http:\/\/szentistvan.dnyem.hu\/?p=2150"},"modified":"2018-05-27T16:33:26","modified_gmt":"2018-05-27T14:33:26","slug":"szentmiserend-valtozas-2","status":"publish","type":"post","link":"https:\/\/szentistvan.dnyem.hu\/?p=2150","title":{"rendered":"Szentmiserend-v\u00e1ltoz\u00e1s"},"content":{"rendered":"<p>H\u00e9tf\u0151n (m\u00e1jus 28-\u00e1n) \u00e9s szombaton (j\u00fanius 2-\u00e1n) nem lesz templomunkban szentmise.<\/p>\n","protected":false},"excerpt":{"rendered":"<p>H\u00e9tf\u0151n (m\u00e1jus 28-\u00e1n) \u00e9s szombaton (j\u00fanius 2-\u00e1n) nem lesz templomunkban szentmise.<\/p>\n","protected":false},"author":2,"featured_media":0,"comment_status":"closed","ping_status":"open","sticky":false,"template":"","format":"standard","meta":[],"categories":[9,2],"tags":[],"_links":{"self":[{"href":"https:\/\/szentistvan.dnyem.hu\/index.php?rest_route=\/wp\/v2\/posts\/2150"}],"collection":[{"href":"https:\/\/szentistvan.dnyem.hu\/index.php?rest_route=\/wp\/v2\/posts"}],"about":[{"href":"https:\/\/szentistvan.dnyem.hu\/index.php?rest_route=\/wp\/v2\/types\/post"}],"author":[{"embeddable":true,"href":"https:\/\/szentistvan.dnyem.hu\/index.php?rest_route=\/wp\/v2\/users\/2"}],"replies":[{"embeddable":true,"href":"https:\/\/szentistvan.dnyem.hu\/index.php?rest_route=%2Fwp%2Fv2%2Fcomments&post=2150"}],"version-history":[{"count":1,"href":"https:\/\/szentistvan.dnyem.hu\/index.php?rest_route=\/wp\/v2\/posts\/2150\/revisions"}],"predecessor-version":[{"id":2151,"href":"https:\/\/szentistvan.dnyem.hu\/index.php?rest_route=\/wp\/v2\/posts\/2150\/revisions\/2151"}],"wp:attachment":[{"href":"https:\/\/szentistvan.dnyem.hu\/index.php?rest_route=%2Fwp%2Fv2%2Fmedia&parent=2150"}],"wp:term":[{"taxonomy":"category","embeddable":true,"href":"https:\/\/szentistvan.dnyem.hu\/index.php?rest_route=%2Fwp%2Fv2%2Fcategories&post=2150"},{"taxonomy":"post_tag","embeddable":true,"href":"https:\/\/szentistvan.dnyem.hu\/index.php?rest_route=%2Fwp%2Fv2%2Ftags&post=2150"}],"curies":[{"name":"wp","href":"https:\/\/api.w.org\/{rel}","templated":true}]}}