{"id":2148,"date":"2018-05-27T16:31:20","date_gmt":"2018-05-27T14:31:20","guid":{"rendered":"http:\/\/szentistvan.dnyem.hu\/?p=2148"},"modified":"2018-05-27T16:31:20","modified_gmt":"2018-05-27T14:31:20","slug":"elsoaldozas-2","status":"publish","type":"post","link":"https:\/\/szentistvan.dnyem.hu\/?p=2148","title":{"rendered":"Els\u0151\u00e1ldoz\u00e1s"},"content":{"rendered":"<p><strong>M\u00e1jus 3-\u00e1n, \u00darnapj\u00e1n lesz a templomunkban az els\u0151\u00e1ldoz\u00e1s.<\/strong><\/p>\n<p>Im\u00e1dkozzunk ezek\u00e9rt a gyermekek\u00e9rt is, hogy h\u0171ek legyenek Krisztushoz!<\/p>\n","protected":false},"excerpt":{"rendered":"<p>M\u00e1jus 3-\u00e1n, \u00darnapj\u00e1n lesz a templomunkban az els\u0151\u00e1ldoz\u00e1s. Im\u00e1dkozzunk ezek\u00e9rt a gyermekek\u00e9rt is, hogy h\u0171ek legyenek Krisztushoz!<\/p>\n","protected":false},"author":2,"featured_media":0,"comment_status":"closed","ping_status":"open","sticky":false,"template":"","format":"standard","meta":[],"categories":[9,2],"tags":[],"_links":{"self":[{"href":"https:\/\/szentistvan.dnyem.hu\/index.php?rest_route=\/wp\/v2\/posts\/2148"}],"collection":[{"href":"https:\/\/szentistvan.dnyem.hu\/index.php?rest_route=\/wp\/v2\/posts"}],"about":[{"href":"https:\/\/szentistvan.dnyem.hu\/index.php?rest_route=\/wp\/v2\/types\/post"}],"author":[{"embeddable":true,"href":"https:\/\/szentistvan.dnyem.hu\/index.php?rest_route=\/wp\/v2\/users\/2"}],"replies":[{"embeddable":true,"href":"https:\/\/szentistvan.dnyem.hu\/index.php?rest_route=%2Fwp%2Fv2%2Fcomments&post=2148"}],"version-history":[{"count":1,"href":"https:\/\/szentistvan.dnyem.hu\/index.php?rest_route=\/wp\/v2\/posts\/2148\/revisions"}],"predecessor-version":[{"id":2149,"href":"https:\/\/szentistvan.dnyem.hu\/index.php?rest_route=\/wp\/v2\/posts\/2148\/revisions\/2149"}],"wp:attachment":[{"href":"https:\/\/szentistvan.dnyem.hu\/index.php?rest_route=%2Fwp%2Fv2%2Fmedia&parent=2148"}],"wp:term":[{"taxonomy":"category","embeddable":true,"href":"https:\/\/szentistvan.dnyem.hu\/index.php?rest_route=%2Fwp%2Fv2%2Fcategories&post=2148"},{"taxonomy":"post_tag","embeddable":true,"href":"https:\/\/szentistvan.dnyem.hu\/index.php?rest_route=%2Fwp%2Fv2%2Ftags&post=2148"}],"curies":[{"name":"wp","href":"https:\/\/api.w.org\/{rel}","templated":true}]}}