{"id":2146,"date":"2018-05-27T16:29:08","date_gmt":"2018-05-27T14:29:08","guid":{"rendered":"http:\/\/szentistvan.dnyem.hu\/?p=2146"},"modified":"2018-05-27T16:29:08","modified_gmt":"2018-05-27T14:29:08","slug":"urnapja","status":"publish","type":"post","link":"https:\/\/szentistvan.dnyem.hu\/?p=2146","title":{"rendered":"\u00darnapja"},"content":{"rendered":"<p><strong>M\u00e1jus 3-\u00e1n, vas\u00e1rnap <a href=\"http:\/\/lexikon.katolikus.hu\/U\/%C3%9Arnapja.html\">\u00darnapja.<\/a><\/strong><\/p>\n<p>K\u00e9rem \u00e9s buzd\u00edtom a Kedves Testv\u00e9reket, hogy min\u00e9l t\u00f6bben vegy\u00fcnk r\u00e9szt a s\u00e1trak fel\u00e1ll\u00edt\u00e1s\u00e1ban. <strong>Reggel 7:00-re v\u00e1rom a Kedves Testv\u00e9reket.<\/strong><\/p>\n","protected":false},"excerpt":{"rendered":"<p>M\u00e1jus 3-\u00e1n, vas\u00e1rnap \u00darnapja. K\u00e9rem \u00e9s buzd\u00edtom a Kedves Testv\u00e9reket, hogy min\u00e9l t\u00f6bben vegy\u00fcnk r\u00e9szt a s\u00e1trak fel\u00e1ll\u00edt\u00e1s\u00e1ban. Reggel 7:00-re v\u00e1rom a Kedves Testv\u00e9reket.<\/p>\n","protected":false},"author":2,"featured_media":0,"comment_status":"closed","ping_status":"open","sticky":false,"template":"","format":"standard","meta":[],"categories":[9,2],"tags":[],"_links":{"self":[{"href":"https:\/\/szentistvan.dnyem.hu\/index.php?rest_route=\/wp\/v2\/posts\/2146"}],"collection":[{"href":"https:\/\/szentistvan.dnyem.hu\/index.php?rest_route=\/wp\/v2\/posts"}],"about":[{"href":"https:\/\/szentistvan.dnyem.hu\/index.php?rest_route=\/wp\/v2\/types\/post"}],"author":[{"embeddable":true,"href":"https:\/\/szentistvan.dnyem.hu\/index.php?rest_route=\/wp\/v2\/users\/2"}],"replies":[{"embeddable":true,"href":"https:\/\/szentistvan.dnyem.hu\/index.php?rest_route=%2Fwp%2Fv2%2Fcomments&post=2146"}],"version-history":[{"count":1,"href":"https:\/\/szentistvan.dnyem.hu\/index.php?rest_route=\/wp\/v2\/posts\/2146\/revisions"}],"predecessor-version":[{"id":2147,"href":"https:\/\/szentistvan.dnyem.hu\/index.php?rest_route=\/wp\/v2\/posts\/2146\/revisions\/2147"}],"wp:attachment":[{"href":"https:\/\/szentistvan.dnyem.hu\/index.php?rest_route=%2Fwp%2Fv2%2Fmedia&parent=2146"}],"wp:term":[{"taxonomy":"category","embeddable":true,"href":"https:\/\/szentistvan.dnyem.hu\/index.php?rest_route=%2Fwp%2Fv2%2Fcategories&post=2146"},{"taxonomy":"post_tag","embeddable":true,"href":"https:\/\/szentistvan.dnyem.hu\/index.php?rest_route=%2Fwp%2Fv2%2Ftags&post=2146"}],"curies":[{"name":"wp","href":"https:\/\/api.w.org\/{rel}","templated":true}]}}