{"id":2142,"date":"2018-05-27T16:24:10","date_gmt":"2018-05-27T14:24:10","guid":{"rendered":"http:\/\/szentistvan.dnyem.hu\/?p=2142"},"modified":"2018-05-27T16:24:55","modified_gmt":"2018-05-27T14:24:55","slug":"egyhazmegyenk-25-eves","status":"publish","type":"post","link":"https:\/\/szentistvan.dnyem.hu\/?p=2142","title":{"rendered":"Egyh\u00e1zmegy\u00e9nk 25 \u00e9ves"},"content":{"rendered":"<p>A <a href=\"http:\/\/www.dnyem.hu\/\">Debrecen-Ny\u00edregyh\u00e1zi Egyh\u00e1zmegye<\/a> <a href=\"http:\/\/www.dnyem.hu\/index.php\/item\/1849-25-evvel-ezelott-punkosd-unnepen-alapitottak-a-debrecen-nyiregyhazi-egyhazmegye\">25 \u00e9ves jubileumi<\/a> programsorozatot hirdet. A r\u00e9szletes programle\u00edr\u00e1s a hirdet\u0151t\u00e1bl\u00e1n is megtal\u00e1lhat\u00f3.<\/p>\n<p><strong>A Szent Istv\u00e1n pl\u00e9b\u00e1nia j\u00fanius 1-j\u00e9n 11:00-t\u00f3l 12:00-ig tart ima\u00f3r\u00e1t a Szent Anna Sz\u00e9kesegyh\u00e1zban.<\/strong><\/p>\n<p>Buzd\u00edtom a Kedves Testv\u00e9reket, hogy min\u00e9l t\u00f6bben vegy\u00fcnk r\u00e9szt ak\u00e1r ezen a napon, ak\u00e1r pedig a t\u00f6bbi rendezv\u00e9nyen.<\/p>\n<p><img loading=\"lazy\" class=\"size-full wp-image-2144 aligncenter\" src=\"http:\/\/szentistvan.dnyem.hu\/wp-content\/uploads\/2018\/05\/\u00dcnneps\u00e9gsorozat-Debrecenben.jpg\" alt=\"\" width=\"650\" height=\"919\" srcset=\"https:\/\/szentistvan.dnyem.hu\/wp-content\/uploads\/2018\/05\/\u00dcnneps\u00e9gsorozat-Debrecenben.jpg 650w, https:\/\/szentistvan.dnyem.hu\/wp-content\/uploads\/2018\/05\/\u00dcnneps\u00e9gsorozat-Debrecenben-382x540.jpg 382w\" sizes=\"(max-width: 650px) 100vw, 650px\" \/><\/p>\n","protected":false},"excerpt":{"rendered":"<p>A Debrecen-Ny\u00edregyh\u00e1zi Egyh\u00e1zmegye 25 \u00e9ves jubileumi programsorozatot hirdet. A r\u00e9szletes programle\u00edr\u00e1s a hirdet\u0151t\u00e1bl\u00e1n is megtal\u00e1lhat\u00f3. A Szent Istv\u00e1n pl\u00e9b\u00e1nia j\u00fanius 1-j\u00e9n 11:00-t\u00f3l 12:00-ig tart ima\u00f3r\u00e1t&#8230;<\/p>\n","protected":false},"author":2,"featured_media":0,"comment_status":"closed","ping_status":"open","sticky":false,"template":"","format":"standard","meta":[],"categories":[9,2],"tags":[],"_links":{"self":[{"href":"https:\/\/szentistvan.dnyem.hu\/index.php?rest_route=\/wp\/v2\/posts\/2142"}],"collection":[{"href":"https:\/\/szentistvan.dnyem.hu\/index.php?rest_route=\/wp\/v2\/posts"}],"about":[{"href":"https:\/\/szentistvan.dnyem.hu\/index.php?rest_route=\/wp\/v2\/types\/post"}],"author":[{"embeddable":true,"href":"https:\/\/szentistvan.dnyem.hu\/index.php?rest_route=\/wp\/v2\/users\/2"}],"replies":[{"embeddable":true,"href":"https:\/\/szentistvan.dnyem.hu\/index.php?rest_route=%2Fwp%2Fv2%2Fcomments&post=2142"}],"version-history":[{"count":2,"href":"https:\/\/szentistvan.dnyem.hu\/index.php?rest_route=\/wp\/v2\/posts\/2142\/revisions"}],"predecessor-version":[{"id":2145,"href":"https:\/\/szentistvan.dnyem.hu\/index.php?rest_route=\/wp\/v2\/posts\/2142\/revisions\/2145"}],"wp:attachment":[{"href":"https:\/\/szentistvan.dnyem.hu\/index.php?rest_route=%2Fwp%2Fv2%2Fmedia&parent=2142"}],"wp:term":[{"taxonomy":"category","embeddable":true,"href":"https:\/\/szentistvan.dnyem.hu\/index.php?rest_route=%2Fwp%2Fv2%2Fcategories&post=2142"},{"taxonomy":"post_tag","embeddable":true,"href":"https:\/\/szentistvan.dnyem.hu\/index.php?rest_route=%2Fwp%2Fv2%2Ftags&post=2142"}],"curies":[{"name":"wp","href":"https:\/\/api.w.org\/{rel}","templated":true}]}}