{"id":2138,"date":"2018-05-20T07:14:27","date_gmt":"2018-05-20T05:14:27","guid":{"rendered":"http:\/\/szentistvan.dnyem.hu\/?p=2138"},"modified":"2018-05-20T07:14:27","modified_gmt":"2018-05-20T05:14:27","slug":"nem-lesz-szentmise","status":"publish","type":"post","link":"https:\/\/szentistvan.dnyem.hu\/?p=2138","title":{"rendered":"Nem lesz szentmise"},"content":{"rendered":"<p><strong>Szerd\u00e1n (m\u00e1jus 23-\u00e1n) \u00e9s cs\u00fct\u00f6rt\u00f6k\u00f6n (m\u00e1jus 25-\u00e9n) nem lesz templomunkban szentmise,<\/strong> mert lelkigyakorlaton veszek r\u00e9szt.<\/p>\n","protected":false},"excerpt":{"rendered":"<p>Szerd\u00e1n (m\u00e1jus 23-\u00e1n) \u00e9s cs\u00fct\u00f6rt\u00f6k\u00f6n (m\u00e1jus 25-\u00e9n) nem lesz templomunkban szentmise, mert lelkigyakorlaton veszek r\u00e9szt.<\/p>\n","protected":false},"author":2,"featured_media":0,"comment_status":"closed","ping_status":"open","sticky":false,"template":"","format":"standard","meta":[],"categories":[9,2],"tags":[],"_links":{"self":[{"href":"https:\/\/szentistvan.dnyem.hu\/index.php?rest_route=\/wp\/v2\/posts\/2138"}],"collection":[{"href":"https:\/\/szentistvan.dnyem.hu\/index.php?rest_route=\/wp\/v2\/posts"}],"about":[{"href":"https:\/\/szentistvan.dnyem.hu\/index.php?rest_route=\/wp\/v2\/types\/post"}],"author":[{"embeddable":true,"href":"https:\/\/szentistvan.dnyem.hu\/index.php?rest_route=\/wp\/v2\/users\/2"}],"replies":[{"embeddable":true,"href":"https:\/\/szentistvan.dnyem.hu\/index.php?rest_route=%2Fwp%2Fv2%2Fcomments&post=2138"}],"version-history":[{"count":1,"href":"https:\/\/szentistvan.dnyem.hu\/index.php?rest_route=\/wp\/v2\/posts\/2138\/revisions"}],"predecessor-version":[{"id":2139,"href":"https:\/\/szentistvan.dnyem.hu\/index.php?rest_route=\/wp\/v2\/posts\/2138\/revisions\/2139"}],"wp:attachment":[{"href":"https:\/\/szentistvan.dnyem.hu\/index.php?rest_route=%2Fwp%2Fv2%2Fmedia&parent=2138"}],"wp:term":[{"taxonomy":"category","embeddable":true,"href":"https:\/\/szentistvan.dnyem.hu\/index.php?rest_route=%2Fwp%2Fv2%2Fcategories&post=2138"},{"taxonomy":"post_tag","embeddable":true,"href":"https:\/\/szentistvan.dnyem.hu\/index.php?rest_route=%2Fwp%2Fv2%2Ftags&post=2138"}],"curies":[{"name":"wp","href":"https:\/\/api.w.org\/{rel}","templated":true}]}}