{"id":2136,"date":"2018-05-20T07:12:42","date_gmt":"2018-05-20T05:12:42","guid":{"rendered":"http:\/\/szentistvan.dnyem.hu\/?p=2136"},"modified":"2018-05-20T07:12:42","modified_gmt":"2018-05-20T05:12:42","slug":"elsoaldozas","status":"publish","type":"post","link":"https:\/\/szentistvan.dnyem.hu\/?p=2136","title":{"rendered":"Els\u0151\u00e1ldoz\u00e1s"},"content":{"rendered":"<p><strong>J\u00fanius 3-\u00e1n, \u00darnapj\u00e1n lesz a templomunkban az <a href=\"http:\/\/lexikon.katolikus.hu\/E\/els%C5%91%C3%A1ldoz%C3%A1s.html\">els\u0151\u00e1ldoz\u00e1s<\/a>.<\/strong><\/p>\n<p>Im\u00e1dkozzunk ezek\u00e9rt a gyermekek\u00e9rt is, hogy h\u0171ek legyenek Krisztushoz!<\/p>\n","protected":false},"excerpt":{"rendered":"<p>J\u00fanius 3-\u00e1n, \u00darnapj\u00e1n lesz a templomunkban az els\u0151\u00e1ldoz\u00e1s. Im\u00e1dkozzunk ezek\u00e9rt a gyermekek\u00e9rt is, hogy h\u0171ek legyenek Krisztushoz!<\/p>\n","protected":false},"author":2,"featured_media":0,"comment_status":"closed","ping_status":"open","sticky":false,"template":"","format":"standard","meta":[],"categories":[9,2],"tags":[],"_links":{"self":[{"href":"https:\/\/szentistvan.dnyem.hu\/index.php?rest_route=\/wp\/v2\/posts\/2136"}],"collection":[{"href":"https:\/\/szentistvan.dnyem.hu\/index.php?rest_route=\/wp\/v2\/posts"}],"about":[{"href":"https:\/\/szentistvan.dnyem.hu\/index.php?rest_route=\/wp\/v2\/types\/post"}],"author":[{"embeddable":true,"href":"https:\/\/szentistvan.dnyem.hu\/index.php?rest_route=\/wp\/v2\/users\/2"}],"replies":[{"embeddable":true,"href":"https:\/\/szentistvan.dnyem.hu\/index.php?rest_route=%2Fwp%2Fv2%2Fcomments&post=2136"}],"version-history":[{"count":1,"href":"https:\/\/szentistvan.dnyem.hu\/index.php?rest_route=\/wp\/v2\/posts\/2136\/revisions"}],"predecessor-version":[{"id":2137,"href":"https:\/\/szentistvan.dnyem.hu\/index.php?rest_route=\/wp\/v2\/posts\/2136\/revisions\/2137"}],"wp:attachment":[{"href":"https:\/\/szentistvan.dnyem.hu\/index.php?rest_route=%2Fwp%2Fv2%2Fmedia&parent=2136"}],"wp:term":[{"taxonomy":"category","embeddable":true,"href":"https:\/\/szentistvan.dnyem.hu\/index.php?rest_route=%2Fwp%2Fv2%2Fcategories&post=2136"},{"taxonomy":"post_tag","embeddable":true,"href":"https:\/\/szentistvan.dnyem.hu\/index.php?rest_route=%2Fwp%2Fv2%2Ftags&post=2136"}],"curies":[{"name":"wp","href":"https:\/\/api.w.org\/{rel}","templated":true}]}}