{"id":2133,"date":"2018-05-20T07:09:36","date_gmt":"2018-05-20T05:09:36","guid":{"rendered":"http:\/\/szentistvan.dnyem.hu\/?p=2133"},"modified":"2018-05-20T07:09:36","modified_gmt":"2018-05-20T05:09:36","slug":"punkosdhetfo","status":"publish","type":"post","link":"https:\/\/szentistvan.dnyem.hu\/?p=2133","title":{"rendered":"P\u00fcnk\u00f6sdh\u00e9tf\u0151"},"content":{"rendered":"<p><a href=\"http:\/\/lexikon.katolikus.hu\/P\/p%C3%BCnk%C3%B6sdh%C3%A9tf%C5%91.html\">P\u00fcnk\u00f6sdh\u00e9tf\u0151n<\/a> a megszokott id\u0151ben, 9:30-t\u00f3l lesz az \u00fcnnepi szentmise<\/p>\n","protected":false},"excerpt":{"rendered":"<p>P\u00fcnk\u00f6sdh\u00e9tf\u0151n a megszokott id\u0151ben, 9:30-t\u00f3l lesz az \u00fcnnepi szentmise<\/p>\n","protected":false},"author":2,"featured_media":0,"comment_status":"closed","ping_status":"open","sticky":false,"template":"","format":"standard","meta":[],"categories":[9,2],"tags":[],"_links":{"self":[{"href":"https:\/\/szentistvan.dnyem.hu\/index.php?rest_route=\/wp\/v2\/posts\/2133"}],"collection":[{"href":"https:\/\/szentistvan.dnyem.hu\/index.php?rest_route=\/wp\/v2\/posts"}],"about":[{"href":"https:\/\/szentistvan.dnyem.hu\/index.php?rest_route=\/wp\/v2\/types\/post"}],"author":[{"embeddable":true,"href":"https:\/\/szentistvan.dnyem.hu\/index.php?rest_route=\/wp\/v2\/users\/2"}],"replies":[{"embeddable":true,"href":"https:\/\/szentistvan.dnyem.hu\/index.php?rest_route=%2Fwp%2Fv2%2Fcomments&post=2133"}],"version-history":[{"count":1,"href":"https:\/\/szentistvan.dnyem.hu\/index.php?rest_route=\/wp\/v2\/posts\/2133\/revisions"}],"predecessor-version":[{"id":2134,"href":"https:\/\/szentistvan.dnyem.hu\/index.php?rest_route=\/wp\/v2\/posts\/2133\/revisions\/2134"}],"wp:attachment":[{"href":"https:\/\/szentistvan.dnyem.hu\/index.php?rest_route=%2Fwp%2Fv2%2Fmedia&parent=2133"}],"wp:term":[{"taxonomy":"category","embeddable":true,"href":"https:\/\/szentistvan.dnyem.hu\/index.php?rest_route=%2Fwp%2Fv2%2Fcategories&post=2133"},{"taxonomy":"post_tag","embeddable":true,"href":"https:\/\/szentistvan.dnyem.hu\/index.php?rest_route=%2Fwp%2Fv2%2Ftags&post=2133"}],"curies":[{"name":"wp","href":"https:\/\/api.w.org\/{rel}","templated":true}]}}