{"id":2131,"date":"2018-05-20T07:08:01","date_gmt":"2018-05-20T05:08:01","guid":{"rendered":"http:\/\/szentistvan.dnyem.hu\/?p=2131"},"modified":"2018-05-20T07:08:01","modified_gmt":"2018-05-20T05:08:01","slug":"idosek-napja-2","status":"publish","type":"post","link":"https:\/\/szentistvan.dnyem.hu\/?p=2131","title":{"rendered":"Id\u0151sek napja"},"content":{"rendered":"<p><strong>J\u00fanius 2-\u00e1n ism\u00e9t megrendezz\u00fck az id\u0151sek napj\u00e1t.<\/strong> Ezen a napon lesz a templomunkban a <strong>betegek kenet\u00e9nek kiszolg\u00e1ltat\u00e1sa.<\/strong> <strong>D\u00e9lel\u0151tt 9:00-t\u00f3l kezd\u0151dik a szentmise<\/strong>, majd ezt k\u00f6vet\u0151en el\u0151ad\u00e1s, majd pedig egy szer\u00e9ny agap\u00e9 lesz.<\/p>\n<p>H\u00edvom \u00e9s v\u00e1rom a kedves testv\u00e9reket!<\/p>\n","protected":false},"excerpt":{"rendered":"<p>J\u00fanius 2-\u00e1n ism\u00e9t megrendezz\u00fck az id\u0151sek napj\u00e1t. Ezen a napon lesz a templomunkban a betegek kenet\u00e9nek kiszolg\u00e1ltat\u00e1sa. D\u00e9lel\u0151tt 9:00-t\u00f3l kezd\u0151dik a szentmise, majd ezt k\u00f6vet\u0151en&#8230;<\/p>\n","protected":false},"author":2,"featured_media":0,"comment_status":"closed","ping_status":"open","sticky":false,"template":"","format":"standard","meta":[],"categories":[9,2],"tags":[],"_links":{"self":[{"href":"https:\/\/szentistvan.dnyem.hu\/index.php?rest_route=\/wp\/v2\/posts\/2131"}],"collection":[{"href":"https:\/\/szentistvan.dnyem.hu\/index.php?rest_route=\/wp\/v2\/posts"}],"about":[{"href":"https:\/\/szentistvan.dnyem.hu\/index.php?rest_route=\/wp\/v2\/types\/post"}],"author":[{"embeddable":true,"href":"https:\/\/szentistvan.dnyem.hu\/index.php?rest_route=\/wp\/v2\/users\/2"}],"replies":[{"embeddable":true,"href":"https:\/\/szentistvan.dnyem.hu\/index.php?rest_route=%2Fwp%2Fv2%2Fcomments&post=2131"}],"version-history":[{"count":1,"href":"https:\/\/szentistvan.dnyem.hu\/index.php?rest_route=\/wp\/v2\/posts\/2131\/revisions"}],"predecessor-version":[{"id":2132,"href":"https:\/\/szentistvan.dnyem.hu\/index.php?rest_route=\/wp\/v2\/posts\/2131\/revisions\/2132"}],"wp:attachment":[{"href":"https:\/\/szentistvan.dnyem.hu\/index.php?rest_route=%2Fwp%2Fv2%2Fmedia&parent=2131"}],"wp:term":[{"taxonomy":"category","embeddable":true,"href":"https:\/\/szentistvan.dnyem.hu\/index.php?rest_route=%2Fwp%2Fv2%2Fcategories&post=2131"},{"taxonomy":"post_tag","embeddable":true,"href":"https:\/\/szentistvan.dnyem.hu\/index.php?rest_route=%2Fwp%2Fv2%2Ftags&post=2131"}],"curies":[{"name":"wp","href":"https:\/\/api.w.org\/{rel}","templated":true}]}}