{"id":1983,"date":"2018-05-13T13:06:53","date_gmt":"2018-05-13T11:06:53","guid":{"rendered":"http:\/\/szentistvan.dnyem.hu\/?p=1983"},"modified":"2018-05-13T13:06:53","modified_gmt":"2018-05-13T11:06:53","slug":"szentmise-punkosdhetfon","status":"publish","type":"post","link":"https:\/\/szentistvan.dnyem.hu\/?p=1983","title":{"rendered":"Szentmise p\u00fcnk\u00f6sdh\u00e9tf\u0151n"},"content":{"rendered":"<p><strong>P\u00fcnk\u00f6sdh\u00e9tf\u0151n (m\u00e1jus 21-\u00e9n) a megszokott id\u0151ben, 9:30-t\u00f3l lesz az \u00fcnnepi szentmise.<\/strong><\/p>\n","protected":false},"excerpt":{"rendered":"<p>P\u00fcnk\u00f6sdh\u00e9tf\u0151n (m\u00e1jus 21-\u00e9n) a megszokott id\u0151ben, 9:30-t\u00f3l lesz az \u00fcnnepi szentmise.<\/p>\n","protected":false},"author":2,"featured_media":0,"comment_status":"closed","ping_status":"open","sticky":false,"template":"","format":"standard","meta":[],"categories":[9,2],"tags":[],"_links":{"self":[{"href":"https:\/\/szentistvan.dnyem.hu\/index.php?rest_route=\/wp\/v2\/posts\/1983"}],"collection":[{"href":"https:\/\/szentistvan.dnyem.hu\/index.php?rest_route=\/wp\/v2\/posts"}],"about":[{"href":"https:\/\/szentistvan.dnyem.hu\/index.php?rest_route=\/wp\/v2\/types\/post"}],"author":[{"embeddable":true,"href":"https:\/\/szentistvan.dnyem.hu\/index.php?rest_route=\/wp\/v2\/users\/2"}],"replies":[{"embeddable":true,"href":"https:\/\/szentistvan.dnyem.hu\/index.php?rest_route=%2Fwp%2Fv2%2Fcomments&post=1983"}],"version-history":[{"count":1,"href":"https:\/\/szentistvan.dnyem.hu\/index.php?rest_route=\/wp\/v2\/posts\/1983\/revisions"}],"predecessor-version":[{"id":1984,"href":"https:\/\/szentistvan.dnyem.hu\/index.php?rest_route=\/wp\/v2\/posts\/1983\/revisions\/1984"}],"wp:attachment":[{"href":"https:\/\/szentistvan.dnyem.hu\/index.php?rest_route=%2Fwp%2Fv2%2Fmedia&parent=1983"}],"wp:term":[{"taxonomy":"category","embeddable":true,"href":"https:\/\/szentistvan.dnyem.hu\/index.php?rest_route=%2Fwp%2Fv2%2Fcategories&post=1983"},{"taxonomy":"post_tag","embeddable":true,"href":"https:\/\/szentistvan.dnyem.hu\/index.php?rest_route=%2Fwp%2Fv2%2Ftags&post=1983"}],"curies":[{"name":"wp","href":"https:\/\/api.w.org\/{rel}","templated":true}]}}