{"id":1981,"date":"2018-05-13T13:04:17","date_gmt":"2018-05-13T11:04:17","guid":{"rendered":"http:\/\/szentistvan.dnyem.hu\/?p=1981"},"modified":"2018-05-13T13:04:17","modified_gmt":"2018-05-13T11:04:17","slug":"bermalasi-szentmise","status":"publish","type":"post","link":"https:\/\/szentistvan.dnyem.hu\/?p=1981","title":{"rendered":"B\u00e9rm\u00e1l\u00e1si szentmise"},"content":{"rendered":"<p><strong>Szombaton (m\u00e1jus 19-\u00e9n) d\u00e9lut\u00e1n 16:00-kor kezd\u0151dik<\/strong> templomunkban a b\u00e9rm\u00e1l\u00e1si szentmise, h\u00edvom \u00e9s v\u00e1rom a kedves testv\u00e9reket, mert az egyh\u00e1zk\u00f6zs\u00e9g \u00fcnnepe is egyben.<\/p>\n","protected":false},"excerpt":{"rendered":"<p>Szombaton (m\u00e1jus 19-\u00e9n) d\u00e9lut\u00e1n 16:00-kor kezd\u0151dik templomunkban a b\u00e9rm\u00e1l\u00e1si szentmise, h\u00edvom \u00e9s v\u00e1rom a kedves testv\u00e9reket, mert az egyh\u00e1zk\u00f6zs\u00e9g \u00fcnnepe is egyben.<\/p>\n","protected":false},"author":2,"featured_media":0,"comment_status":"closed","ping_status":"open","sticky":false,"template":"","format":"standard","meta":[],"categories":[9,2],"tags":[],"_links":{"self":[{"href":"https:\/\/szentistvan.dnyem.hu\/index.php?rest_route=\/wp\/v2\/posts\/1981"}],"collection":[{"href":"https:\/\/szentistvan.dnyem.hu\/index.php?rest_route=\/wp\/v2\/posts"}],"about":[{"href":"https:\/\/szentistvan.dnyem.hu\/index.php?rest_route=\/wp\/v2\/types\/post"}],"author":[{"embeddable":true,"href":"https:\/\/szentistvan.dnyem.hu\/index.php?rest_route=\/wp\/v2\/users\/2"}],"replies":[{"embeddable":true,"href":"https:\/\/szentistvan.dnyem.hu\/index.php?rest_route=%2Fwp%2Fv2%2Fcomments&post=1981"}],"version-history":[{"count":1,"href":"https:\/\/szentistvan.dnyem.hu\/index.php?rest_route=\/wp\/v2\/posts\/1981\/revisions"}],"predecessor-version":[{"id":1982,"href":"https:\/\/szentistvan.dnyem.hu\/index.php?rest_route=\/wp\/v2\/posts\/1981\/revisions\/1982"}],"wp:attachment":[{"href":"https:\/\/szentistvan.dnyem.hu\/index.php?rest_route=%2Fwp%2Fv2%2Fmedia&parent=1981"}],"wp:term":[{"taxonomy":"category","embeddable":true,"href":"https:\/\/szentistvan.dnyem.hu\/index.php?rest_route=%2Fwp%2Fv2%2Fcategories&post=1981"},{"taxonomy":"post_tag","embeddable":true,"href":"https:\/\/szentistvan.dnyem.hu\/index.php?rest_route=%2Fwp%2Fv2%2Ftags&post=1981"}],"curies":[{"name":"wp","href":"https:\/\/api.w.org\/{rel}","templated":true}]}}