{"id":1976,"date":"2018-05-08T15:09:17","date_gmt":"2018-05-08T13:09:17","guid":{"rendered":"http:\/\/szentistvan.dnyem.hu\/?p=1976"},"modified":"2018-05-13T13:11:55","modified_gmt":"2018-05-13T11:11:55","slug":"visitatio-canonica","status":"publish","type":"post","link":"https:\/\/szentistvan.dnyem.hu\/?p=1976","title":{"rendered":"Visitatio Canonica"},"content":{"rendered":"<p><strong>P\u00fcnk\u00f6sd el\u0151tti p\u00e9nteken \u00e9s szombaton (m\u00e1jus 18-\u00e1n \u00e9s 19-\u00e9n) l\u00e1togatja meg a Pl\u00e9b\u00e1ni\u00e1nkat Pal\u00e1nki Ferenc P\u00fcsp\u00f6k atya,<\/strong> <a href=\"http:\/\/lexikon.katolikus.hu\/K\/k%C3%A1noni%20l%C3%A1togat%C3%A1s.html\">Visitatio Canonica<\/a> c\u00edmmel.<\/p>\n<p><strong>P\u00fcnk\u00f6sd szombaton 16:00-t\u00f3l lesz templomunkban a b\u00e9rm\u00e1lkoz\u00e1s is, melyet szint\u00e9n p\u00fcsp\u00f6k atya szolg\u00e1ltat majd ki az Egyh\u00e1zk\u00f6zs\u00e9g fiataljai r\u00e9sz\u00e9re. <\/strong><\/p>\n<p>Im\u00e1dkozzunk \u00e9rt\u00fck, hogy val\u00f3ban a Szentl\u00e9lek seg\u00edtse \u0151ket \u00e9let\u00fck \u00fatj\u00e1n.<\/p>\n","protected":false},"excerpt":{"rendered":"<p>P\u00fcnk\u00f6sd el\u0151tti p\u00e9nteken \u00e9s szombaton (m\u00e1jus 18-\u00e1n \u00e9s 19-\u00e9n) l\u00e1togatja meg a Pl\u00e9b\u00e1ni\u00e1nkat Pal\u00e1nki Ferenc P\u00fcsp\u00f6k atya, Visitatio Canonica c\u00edmmel. P\u00fcnk\u00f6sd szombaton 16:00-t\u00f3l lesz templomunkban&#8230;<\/p>\n","protected":false},"author":2,"featured_media":0,"comment_status":"closed","ping_status":"open","sticky":false,"template":"","format":"standard","meta":[],"categories":[9,2],"tags":[],"_links":{"self":[{"href":"https:\/\/szentistvan.dnyem.hu\/index.php?rest_route=\/wp\/v2\/posts\/1976"}],"collection":[{"href":"https:\/\/szentistvan.dnyem.hu\/index.php?rest_route=\/wp\/v2\/posts"}],"about":[{"href":"https:\/\/szentistvan.dnyem.hu\/index.php?rest_route=\/wp\/v2\/types\/post"}],"author":[{"embeddable":true,"href":"https:\/\/szentistvan.dnyem.hu\/index.php?rest_route=\/wp\/v2\/users\/2"}],"replies":[{"embeddable":true,"href":"https:\/\/szentistvan.dnyem.hu\/index.php?rest_route=%2Fwp%2Fv2%2Fcomments&post=1976"}],"version-history":[{"count":3,"href":"https:\/\/szentistvan.dnyem.hu\/index.php?rest_route=\/wp\/v2\/posts\/1976\/revisions"}],"predecessor-version":[{"id":1986,"href":"https:\/\/szentistvan.dnyem.hu\/index.php?rest_route=\/wp\/v2\/posts\/1976\/revisions\/1986"}],"wp:attachment":[{"href":"https:\/\/szentistvan.dnyem.hu\/index.php?rest_route=%2Fwp%2Fv2%2Fmedia&parent=1976"}],"wp:term":[{"taxonomy":"category","embeddable":true,"href":"https:\/\/szentistvan.dnyem.hu\/index.php?rest_route=%2Fwp%2Fv2%2Fcategories&post=1976"},{"taxonomy":"post_tag","embeddable":true,"href":"https:\/\/szentistvan.dnyem.hu\/index.php?rest_route=%2Fwp%2Fv2%2Ftags&post=1976"}],"curies":[{"name":"wp","href":"https:\/\/api.w.org\/{rel}","templated":true}]}}