{"id":1963,"date":"2018-04-29T11:01:49","date_gmt":"2018-04-29T09:01:49","guid":{"rendered":"http:\/\/szentistvan.dnyem.hu\/?p=1963"},"modified":"2018-05-20T07:10:10","modified_gmt":"2018-05-20T05:10:10","slug":"litania-a-szuzanya-tiszteletere","status":"publish","type":"post","link":"https:\/\/szentistvan.dnyem.hu\/?p=1963","title":{"rendered":"Lit\u00e1nia a Sz\u0171zanya tisztelet\u00e9re"},"content":{"rendered":"<p><strong>M\u00e1jus h\u00f3napban a szentmis\u00e9k ut\u00e1n lit\u00e1ni\u00e1t v\u00e9gz\u00fcnk a Sz\u0171zanya tisztelet\u00e9re.<\/strong><\/p>\n<p>H\u00edvom \u00e9s v\u00e1rom a kedves testv\u00e9reket!<\/p>\n","protected":false},"excerpt":{"rendered":"<p>M\u00e1jus h\u00f3napban a szentmis\u00e9k ut\u00e1n lit\u00e1ni\u00e1t v\u00e9gz\u00fcnk a Sz\u0171zanya tisztelet\u00e9re. H\u00edvom \u00e9s v\u00e1rom a kedves testv\u00e9reket!<\/p>\n","protected":false},"author":2,"featured_media":0,"comment_status":"closed","ping_status":"open","sticky":false,"template":"","format":"standard","meta":[],"categories":[9,2],"tags":[],"_links":{"self":[{"href":"https:\/\/szentistvan.dnyem.hu\/index.php?rest_route=\/wp\/v2\/posts\/1963"}],"collection":[{"href":"https:\/\/szentistvan.dnyem.hu\/index.php?rest_route=\/wp\/v2\/posts"}],"about":[{"href":"https:\/\/szentistvan.dnyem.hu\/index.php?rest_route=\/wp\/v2\/types\/post"}],"author":[{"embeddable":true,"href":"https:\/\/szentistvan.dnyem.hu\/index.php?rest_route=\/wp\/v2\/users\/2"}],"replies":[{"embeddable":true,"href":"https:\/\/szentistvan.dnyem.hu\/index.php?rest_route=%2Fwp%2Fv2%2Fcomments&post=1963"}],"version-history":[{"count":2,"href":"https:\/\/szentistvan.dnyem.hu\/index.php?rest_route=\/wp\/v2\/posts\/1963\/revisions"}],"predecessor-version":[{"id":2135,"href":"https:\/\/szentistvan.dnyem.hu\/index.php?rest_route=\/wp\/v2\/posts\/1963\/revisions\/2135"}],"wp:attachment":[{"href":"https:\/\/szentistvan.dnyem.hu\/index.php?rest_route=%2Fwp%2Fv2%2Fmedia&parent=1963"}],"wp:term":[{"taxonomy":"category","embeddable":true,"href":"https:\/\/szentistvan.dnyem.hu\/index.php?rest_route=%2Fwp%2Fv2%2Fcategories&post=1963"},{"taxonomy":"post_tag","embeddable":true,"href":"https:\/\/szentistvan.dnyem.hu\/index.php?rest_route=%2Fwp%2Fv2%2Ftags&post=1963"}],"curies":[{"name":"wp","href":"https:\/\/api.w.org\/{rel}","templated":true}]}}