{"id":1961,"date":"2018-04-29T10:59:02","date_gmt":"2018-04-29T08:59:02","guid":{"rendered":"http:\/\/szentistvan.dnyem.hu\/?p=1961"},"modified":"2018-04-29T10:59:02","modified_gmt":"2018-04-29T08:59:02","slug":"tomegtajekoztatas-vilagnapja","status":"publish","type":"post","link":"https:\/\/szentistvan.dnyem.hu\/?p=1961","title":{"rendered":"T\u00f6megt\u00e1j\u00e9koztat\u00e1s vil\u00e1gnapja"},"content":{"rendered":"<p>M\u00e1jus 6-\u00e1n, vas\u00e1rnap van a <a href=\"http:\/\/jelesnapok.oszk.hu\/prod\/unnep\/a_katolikus_tomegtajekoztatas_vilagnapja\">T\u00f6megt\u00e1j\u00e9koztat\u00e1s vil\u00e1gnapja<\/a> is.<\/p>\n","protected":false},"excerpt":{"rendered":"<p>M\u00e1jus 6-\u00e1n, vas\u00e1rnap van a T\u00f6megt\u00e1j\u00e9koztat\u00e1s vil\u00e1gnapja is.<\/p>\n","protected":false},"author":2,"featured_media":0,"comment_status":"closed","ping_status":"open","sticky":false,"template":"","format":"standard","meta":[],"categories":[1],"tags":[],"_links":{"self":[{"href":"https:\/\/szentistvan.dnyem.hu\/index.php?rest_route=\/wp\/v2\/posts\/1961"}],"collection":[{"href":"https:\/\/szentistvan.dnyem.hu\/index.php?rest_route=\/wp\/v2\/posts"}],"about":[{"href":"https:\/\/szentistvan.dnyem.hu\/index.php?rest_route=\/wp\/v2\/types\/post"}],"author":[{"embeddable":true,"href":"https:\/\/szentistvan.dnyem.hu\/index.php?rest_route=\/wp\/v2\/users\/2"}],"replies":[{"embeddable":true,"href":"https:\/\/szentistvan.dnyem.hu\/index.php?rest_route=%2Fwp%2Fv2%2Fcomments&post=1961"}],"version-history":[{"count":1,"href":"https:\/\/szentistvan.dnyem.hu\/index.php?rest_route=\/wp\/v2\/posts\/1961\/revisions"}],"predecessor-version":[{"id":1962,"href":"https:\/\/szentistvan.dnyem.hu\/index.php?rest_route=\/wp\/v2\/posts\/1961\/revisions\/1962"}],"wp:attachment":[{"href":"https:\/\/szentistvan.dnyem.hu\/index.php?rest_route=%2Fwp%2Fv2%2Fmedia&parent=1961"}],"wp:term":[{"taxonomy":"category","embeddable":true,"href":"https:\/\/szentistvan.dnyem.hu\/index.php?rest_route=%2Fwp%2Fv2%2Fcategories&post=1961"},{"taxonomy":"post_tag","embeddable":true,"href":"https:\/\/szentistvan.dnyem.hu\/index.php?rest_route=%2Fwp%2Fv2%2Ftags&post=1961"}],"curies":[{"name":"wp","href":"https:\/\/api.w.org\/{rel}","templated":true}]}}