{"id":1948,"date":"2018-04-25T18:21:26","date_gmt":"2018-04-25T16:21:26","guid":{"rendered":"http:\/\/szentistvan.dnyem.hu\/?p=1948"},"modified":"2018-04-25T18:21:26","modified_gmt":"2018-04-25T16:21:26","slug":"jo-pasztor-vasarnapja-2","status":"publish","type":"post","link":"https:\/\/szentistvan.dnyem.hu\/?p=1948","title":{"rendered":"J\u00f3 P\u00e1sztor vas\u00e1rnapja"},"content":{"rendered":"<p>\u00c1prilis 22-\u00e9n van a <a href=\"https:\/\/ujember.hu\/szentiras-magyarazat-a-jo-pasztor-husvet-negyedik-vasarnapja-jn-1011-18\/\">J\u00f3 P\u00e1sztor vas\u00e1rnapja<\/a>.<\/p>\n<p>Im\u00e1dkozzunk hivat\u00e1sok\u00e9rt!<\/p>\n","protected":false},"excerpt":{"rendered":"<p>\u00c1prilis 22-\u00e9n van a J\u00f3 P\u00e1sztor vas\u00e1rnapja. Im\u00e1dkozzunk hivat\u00e1sok\u00e9rt!<\/p>\n","protected":false},"author":2,"featured_media":0,"comment_status":"closed","ping_status":"open","sticky":false,"template":"","format":"standard","meta":[],"categories":[1,9],"tags":[],"_links":{"self":[{"href":"https:\/\/szentistvan.dnyem.hu\/index.php?rest_route=\/wp\/v2\/posts\/1948"}],"collection":[{"href":"https:\/\/szentistvan.dnyem.hu\/index.php?rest_route=\/wp\/v2\/posts"}],"about":[{"href":"https:\/\/szentistvan.dnyem.hu\/index.php?rest_route=\/wp\/v2\/types\/post"}],"author":[{"embeddable":true,"href":"https:\/\/szentistvan.dnyem.hu\/index.php?rest_route=\/wp\/v2\/users\/2"}],"replies":[{"embeddable":true,"href":"https:\/\/szentistvan.dnyem.hu\/index.php?rest_route=%2Fwp%2Fv2%2Fcomments&post=1948"}],"version-history":[{"count":1,"href":"https:\/\/szentistvan.dnyem.hu\/index.php?rest_route=\/wp\/v2\/posts\/1948\/revisions"}],"predecessor-version":[{"id":1949,"href":"https:\/\/szentistvan.dnyem.hu\/index.php?rest_route=\/wp\/v2\/posts\/1948\/revisions\/1949"}],"wp:attachment":[{"href":"https:\/\/szentistvan.dnyem.hu\/index.php?rest_route=%2Fwp%2Fv2%2Fmedia&parent=1948"}],"wp:term":[{"taxonomy":"category","embeddable":true,"href":"https:\/\/szentistvan.dnyem.hu\/index.php?rest_route=%2Fwp%2Fv2%2Fcategories&post=1948"},{"taxonomy":"post_tag","embeddable":true,"href":"https:\/\/szentistvan.dnyem.hu\/index.php?rest_route=%2Fwp%2Fv2%2Ftags&post=1948"}],"curies":[{"name":"wp","href":"https:\/\/api.w.org\/{rel}","templated":true}]}}